{"id":4285,"date":"2016-03-18T10:00:20","date_gmt":"2016-03-18T10:00:20","guid":{"rendered":"http:\/\/www.ayuntamientodeharia.com\/haria\/?p=4285"},"modified":"2016-03-23T09:27:39","modified_gmt":"2016-03-23T09:27:39","slug":"xxiii-jornadas-de-teatro-encarnacion-rodriguez-2","status":"publish","type":"post","link":"https:\/\/www.ayuntamientodeharia.com\/haria\/xxiii-jornadas-de-teatro-encarnacion-rodriguez-2\/","title":{"rendered":"XXIII Jornadas de Teatro Encarnaci\u00f3n Rodr\u00edguez"},"content":{"rendered":"<p><a href=\"http:\/\/www.ayuntamientodeharia.com\/haria\/wp-content\/uploads\/2016\/03\/Teatro-Encarnacion-Rodriguez.jpg\"><img fetchpriority=\"high\" decoding=\"async\" class=\"alignleft size-large wp-image-4268\" src=\"http:\/\/www.ayuntamientodeharia.com\/haria\/wp-content\/uploads\/2016\/03\/Teatro-Encarnacion-Rodriguez-714x1024.jpg\" alt=\"Teatro Encarnacion Rodriguez\" width=\"714\" height=\"1024\" srcset=\"https:\/\/www.ayuntamientodeharia.com\/haria\/wp-content\/uploads\/2016\/03\/Teatro-Encarnacion-Rodriguez-714x1024.jpg 714w, https:\/\/www.ayuntamientodeharia.com\/haria\/wp-content\/uploads\/2016\/03\/Teatro-Encarnacion-Rodriguez-209x300.jpg 209w, https:\/\/www.ayuntamientodeharia.com\/haria\/wp-content\/uploads\/2016\/03\/Teatro-Encarnacion-Rodriguez.jpg 1106w\" sizes=\"(max-width: 714px) 100vw, 714px\" \/><\/a><\/p>\n<p>&nbsp;<\/p>\n<h6><span style=\"text-decoration: underline;\"><strong>XXIII Jornadas de Teatro Encarnaci\u00f3n Rodr\u00edguez<\/strong><\/span><\/h6>\n<p><span style=\"text-decoration: underline;\"><strong>S\u00e1bado d\u00eda 2 de Abril: DIA EUROPEO DE LA ARTESAN\u00cdA<\/strong><\/span><\/p>\n<p>12:00h.- \u201cCuentos con arte\u201d, a cargo de Miren Edurne.<br \/>\nCuentos para p\u00fablico infantil.<br \/>\nCuando el arte habla, se hace cuento y aparecen las historias llenas de color y sorpresas envueltas en hojas de lunares, sacadas de una maleta.<\/p>\n<p>20:30h.- Actuaci\u00f3n Asociaci\u00f3n \u201cViejas solteronas de Los Quemados\u201d de Fuencaliente de La Palma.<br \/>\nTeatro costumbrista con diferentes parodias como \u201cEl Cubano Sebasti\u00e1n\u201d, \u201cLa Polca\u201d, \u201cLa danza de la Viejas Solteronas\u201d entre otros\u2026<\/p>\n<p>&nbsp;<\/p>\n<p><span style=\"text-decoration: underline;\"><strong>S\u00e1bado d\u00eda 9 de Abril:<\/strong><\/span><\/p>\n<p>20:30h.- Compa\u00f1\u00eda SOMOS. Obra: \u201cS\u00f3lo x Amor\u201d.<br \/>\n\u201cS\u00d3LO X AMOR\u201d nos lleva, entre penas y alegr\u00edas, al mundo de la mujer que se mueve a trav\u00e9s del sentimiento. Este mundo interior individual que conforma un solo universo, tan igual a pesar de las diferencias.<\/p>\n<p>\u00bfQui\u00e9n no ha sentido el aburrimiento de la rutina, la esperanza del cambio, el desapego de sus hijos, la alegr\u00eda de dar, el aprendizaje de dejar ir\u2026.<\/p>\n<p>&nbsp;<\/p>\n<p><span style=\"text-decoration: underline;\"><strong>S\u00e1bado d\u00eda 16 de Abril: TEATRO EN FAMILIA<\/strong><\/span><\/p>\n<p>12:00h.- Acelera Producciones. Obra: \u201cLa leyenda de Canarias\u201d.<br \/>\nIsmael es un ni\u00f1o desinquieto que asiste a la gran inauguraci\u00f3n de Canaryland, el primer parque tem\u00e1tico de Canarias inspirado en el mundo aborigen canario.<br \/>\nLleva bajo el brazo un libro en el que lee hechos del pasado de las islas, y no le gusta mucho ese parque de atracciones porque piensa que no se ajusta a lo que de verdad ocurri\u00f3 y a c\u00f3mo viv\u00edan los ind\u00edgenas canarios<\/p>\n<p>20:30h.- Compa\u00f1\u00eda COMI-K TEATRO. Obra: \u201cGaviotas Subterraneas\u201d.<br \/>\n\u00bfQu\u00e9 har\u00edas para conseguir 80 millones de euros? \u00bfSe puede traficar con la muerte?, con estas interrogantes, Comi-K Teatro presenta un texto de actualidad en torno a la verdad y la mentira, lo l\u00edcito y lo il\u00edcito o lo justo o injusto que puede ser perseguir unas metas sociales, llegando incluso a enga\u00f1ar al amigo o al propio hermano para conseguirlas.<\/p>\n<p>&nbsp;<\/p>\n<p><a href=\"http:\/\/www.ayuntamientodeharia.com\/haria\/?wpfb_dl=856\" target=\"_blank\">Descargar programa en PDF<\/a><\/p>\n<p>&nbsp;<\/p>\n<p><strong>NOTA:<\/strong>\u00a0Todos los actos se llevar\u00e1n a cabo en el C.S.C.\u00a0La Tegala de Har\u00eda.<\/p>\n<p><strong>ENTRADA GRATUITA<\/strong><\/p>\n<p>&nbsp;<\/p>\n<p><a href=\"http:\/\/www.ayuntamientodeharia.com\/haria\/wp-content\/uploads\/2016\/03\/La-leyenda-de-Canarias.jpg\"><img decoding=\"async\" class=\"alignleft size-full wp-image-4284\" src=\"http:\/\/www.ayuntamientodeharia.com\/haria\/wp-content\/uploads\/2016\/03\/La-leyenda-de-Canarias.jpg\" alt=\"La leyenda de Canarias\" width=\"588\" height=\"832\" \/><\/a> <a href=\"http:\/\/www.ayuntamientodeharia.com\/haria\/wp-content\/uploads\/2016\/03\/HARIA-cartel-gaviotas-subterraneas-a3.jpg\"><img decoding=\"async\" class=\"alignleft size-full wp-image-4283\" src=\"http:\/\/www.ayuntamientodeharia.com\/haria\/wp-content\/uploads\/2016\/03\/HARIA-cartel-gaviotas-subterraneas-a3.jpg\" alt=\"HARIA cartel gaviotas subterraneas a3\" width=\"588\" height=\"832\" srcset=\"https:\/\/www.ayuntamientodeharia.com\/haria\/wp-content\/uploads\/2016\/03\/HARIA-cartel-gaviotas-subterraneas-a3.jpg 588w, https:\/\/www.ayuntamientodeharia.com\/haria\/wp-content\/uploads\/2016\/03\/HARIA-cartel-gaviotas-subterraneas-a3-212x300.jpg 212w\" sizes=\"(max-width: 588px) 100vw, 588px\" \/><\/a> <a href=\"http:\/\/www.ayuntamientodeharia.com\/haria\/wp-content\/uploads\/2016\/03\/X-AMOR-Limpio.jpg\"><img loading=\"lazy\" decoding=\"async\" class=\"alignleft wp-image-4282 size-large\" src=\"http:\/\/www.ayuntamientodeharia.com\/haria\/wp-content\/uploads\/2016\/03\/X-AMOR-Limpio-718x1024.jpg\" alt=\"\" width=\"718\" height=\"1024\" srcset=\"https:\/\/www.ayuntamientodeharia.com\/haria\/wp-content\/uploads\/2016\/03\/X-AMOR-Limpio-718x1024.jpg 718w, https:\/\/www.ayuntamientodeharia.com\/haria\/wp-content\/uploads\/2016\/03\/X-AMOR-Limpio-210x300.jpg 210w\" sizes=\"(max-width: 718px) 100vw, 718px\" \/><\/a><br \/>\n<a href=\"http:\/\/www.ayuntamientodeharia.com\/haria\/wp-content\/uploads\/2016\/03\/Viejas-solteronas.jpg\"><img loading=\"lazy\" decoding=\"async\" class=\"alignleft wp-image-4331 size-large\" src=\"http:\/\/www.ayuntamientodeharia.com\/haria\/wp-content\/uploads\/2016\/03\/Viejas-solteronas-718x1024.jpg\" alt=\"Viejas solteronas\" width=\"718\" height=\"1024\" srcset=\"https:\/\/www.ayuntamientodeharia.com\/haria\/wp-content\/uploads\/2016\/03\/Viejas-solteronas-718x1024.jpg 718w, https:\/\/www.ayuntamientodeharia.com\/haria\/wp-content\/uploads\/2016\/03\/Viejas-solteronas-210x300.jpg 210w\" sizes=\"(max-width: 718px) 100vw, 718px\" \/><\/a><\/p>\n","protected":false},"excerpt":{"rendered":"<p>&nbsp; XXIII Jornadas de Teatro Encarnaci\u00f3n Rodr\u00edguez S\u00e1bado d\u00eda 2 de Abril: DIA EUROPEO DE LA ARTESAN\u00cdA 12:00h.- \u201cCuentos con arte\u201d, a cargo de Miren Edurne. Cuentos para p\u00fablico infantil. Cuando el arte habla, se hace cuento y aparecen las historias llenas de color y sorpresas envueltas en hojas de lunares, sacadas de una maleta. [&hellip;]<\/p>\n","protected":false},"author":2,"featured_media":0,"comment_status":"closed","ping_status":"closed","sticky":false,"template":"","format":"standard","meta":{"footnotes":""},"categories":[16],"tags":[],"class_list":["post-4285","post","type-post","status-publish","format-standard","hentry","category-cultura"],"_links":{"self":[{"href":"https:\/\/www.ayuntamientodeharia.com\/haria\/wp-json\/wp\/v2\/posts\/4285","targetHints":{"allow":["GET"]}}],"collection":[{"href":"https:\/\/www.ayuntamientodeharia.com\/haria\/wp-json\/wp\/v2\/posts"}],"about":[{"href":"https:\/\/www.ayuntamientodeharia.com\/haria\/wp-json\/wp\/v2\/types\/post"}],"author":[{"embeddable":true,"href":"https:\/\/www.ayuntamientodeharia.com\/haria\/wp-json\/wp\/v2\/users\/2"}],"replies":[{"embeddable":true,"href":"https:\/\/www.ayuntamientodeharia.com\/haria\/wp-json\/wp\/v2\/comments?post=4285"}],"version-history":[{"count":0,"href":"https:\/\/www.ayuntamientodeharia.com\/haria\/wp-json\/wp\/v2\/posts\/4285\/revisions"}],"wp:attachment":[{"href":"https:\/\/www.ayuntamientodeharia.com\/haria\/wp-json\/wp\/v2\/media?parent=4285"}],"wp:term":[{"taxonomy":"category","embeddable":true,"href":"https:\/\/www.ayuntamientodeharia.com\/haria\/wp-json\/wp\/v2\/categories?post=4285"},{"taxonomy":"post_tag","embeddable":true,"href":"https:\/\/www.ayuntamientodeharia.com\/haria\/wp-json\/wp\/v2\/tags?post=4285"}],"curies":[{"name":"wp","href":"https:\/\/api.w.org\/{rel}","templated":true}]}}