{"id":4270,"date":"2016-03-18T09:31:20","date_gmt":"2016-03-18T09:31:20","guid":{"rendered":"http:\/\/www.ayuntamientodeharia.com\/haria\/?p=4270"},"modified":"2016-03-18T10:01:56","modified_gmt":"2016-03-18T10:01:56","slug":"fiestas-de-nuestra-senora-de-la-encarnacion-haria-2016","status":"publish","type":"post","link":"https:\/\/www.ayuntamientodeharia.com\/haria\/fiestas-de-nuestra-senora-de-la-encarnacion-haria-2016\/","title":{"rendered":"Fiestas de Nuestra Se\u00f1ora de la Encarnaci\u00f3n &#8211; Har\u00eda 2016"},"content":{"rendered":"<p><a href=\"http:\/\/www.ayuntamientodeharia.com\/haria\/wp-content\/uploads\/2016\/03\/Fiestas-de-la-Encarnacion.jpg\"><img fetchpriority=\"high\" decoding=\"async\" class=\"alignleft wp-image-4269 size-large\" src=\"http:\/\/www.ayuntamientodeharia.com\/haria\/wp-content\/uploads\/2016\/03\/Fiestas-de-la-Encarnacion-727x1024.jpg\" alt=\"Fiestas de la Encarnacion\" width=\"727\" height=\"1024\" srcset=\"https:\/\/www.ayuntamientodeharia.com\/haria\/wp-content\/uploads\/2016\/03\/Fiestas-de-la-Encarnacion-727x1024.jpg 727w, https:\/\/www.ayuntamientodeharia.com\/haria\/wp-content\/uploads\/2016\/03\/Fiestas-de-la-Encarnacion-213x300.jpg 213w, https:\/\/www.ayuntamientodeharia.com\/haria\/wp-content\/uploads\/2016\/03\/Fiestas-de-la-Encarnacion.jpg 1163w\" sizes=\"(max-width: 727px) 100vw, 727px\" \/><\/a><\/p>\n<p>&nbsp;<\/p>\n<p><a title=\"Fiestas de Nuestra Se\u00f1ora de la Encarnaci\u00f3n - Har\u00eda 2016\" href=\"http:\/\/www.ayuntamientodeharia.com\/haria\/?wpfb_dl=855\" target=\"_blank\">Descargar programa en PDF<\/a><\/p>\n<p>&nbsp;<\/p>\n<p><img decoding=\"async\" class=\"alignleft  wp-image-4271\" src=\"http:\/\/www.ayuntamientodeharia.com\/haria\/wp-content\/uploads\/2016\/03\/Iglesia-nuestra-se\u00f1ora-de-la-Encarnacion.-Foto-Javier-Reyes-300x198.jpg\" alt=\"Iglesia nuestra se\u00f1ora de la Encarnacion. Foto Javier Reyes\" width=\"224\" height=\"151\" \/>Un 25 de Marzo de 1966, d\u00eda de Ntra. Sra. de La Encarnaci\u00f3n, Patrona de la Parroquia, se inaugura la nueva Iglesia.<\/p>\n<p>La portada y contraportada de este programa se corresponden con la presentada en el programa confeccionado con motivo de dicha inauguraci\u00f3n en el a\u00f1o 1966.<br \/>\nEste a\u00f1o se conmemora el 50 Aniversario, agradeciendo a todas la personas que han pasado por esta parroquia.<\/p>\n<p>&nbsp;<\/p>\n<p>&nbsp;<\/p>\n<p>&nbsp;<\/p>\n<h6><span style=\"text-decoration: underline;\"><strong>Programa de Actos<\/strong><\/span><\/h6>\n<p><strong>DOMINGO D\u00cdA 20: DOMINGO DE RAMOS<\/strong><br \/>\n12:30h.- Ermita de San Juan: Entrada de Jes\u00fas en Jerusal\u00e9n, procesi\u00f3n con palmitos y misa en la iglesia de Ntra. Sra. de la Encarnaci\u00f3n.<\/p>\n<p>&nbsp;<\/p>\n<p>&nbsp;<\/p>\n<p><strong>MARTES D\u00cdA 22:<\/strong><br \/>\n20:00H.- Charla Documental a cargo de D. Fernando Mendez, presentaci\u00f3n del Libro y documental \u201cMET\u00cdLICO: 50 A\u00d1OS ENVENENADOS\u201d, en el C.S.C. La Tegala de Har\u00eda.<\/p>\n<p>&nbsp;<\/p>\n<p>&nbsp;<\/p>\n<p><strong>MI\u00c9RCOLES D\u00cdA 23:<\/strong><br \/>\n20:00H.- Conferencia a cargo de D. Pedro Gonzales-Sosa, periodista e historiador, Cronista Oficial de Gu\u00eda de Gran Canaria desde 1980 e hijo predilecto de dicha ciudad desde 1986. Titulo: \u201cLUJAN; 200 A\u00d1OS DE SU MUERTE (1815-2015)\u201d.<\/p>\n<p>A continuaci\u00f3n inauguraci\u00f3n de la Exposici\u00f3n de fotograf\u00edas obras de Luj\u00e1n P\u00e9rez, en la Sala de exposiciones D. Jos\u00e9 Lavandera L\u00f3pez, en el Museo-Sacro de Har\u00eda. Fotos cedidas por la Fundaci\u00f3n Canaria Luj\u00e1n P\u00e9rez. Autora: M\u00f3nica Rodr\u00edguez.<\/p>\n<p>&nbsp;<\/p>\n<p>&nbsp;<\/p>\n<p><strong>VIERNES D\u00cdAS 25:<\/strong><br \/>\n20:30H.- Celebraci\u00f3n del 50 Aniversario del Iglesia de Ntra. Sra. de la Encarnaci\u00f3n, en el C.S.C. La Tegala de Har\u00eda, con un encuentro de vecinos, contaremos con la Actuaci\u00f3n del grupo \u201cAlborada Pe\u00f1a del Lentisco\u201d y el grupo Musical \u201cPentawoman\u201d.<\/p>\n<p>&nbsp;<\/p>\n<p>&nbsp;<\/p>\n<p><strong>DOMINGO D\u00cdA 3 DE ABRIL:<\/strong><br \/>\n10:30H.- Tradicional encuentro vecinal, con plantaci\u00f3n de palmeras en la finca de Paco P\u00e9rez, (punto de encuentro a las 10:00 en el Plaza de Har\u00eda), compartiremos un domingo diferente en familia, disfrutando adem\u00e1s de enyesque acompa\u00f1ado de una Parranda.<br \/>\n18:30H.- Bingo sorpresa, a favor del Banco de Alimentos del Municipio, en el C.S.C. La Tegala de Har\u00eda.<\/p>\n<p><a href=\"http:\/\/www.ayuntamientodeharia.com\/haria\/wp-content\/uploads\/2016\/03\/Iglesia-nuestra-se\u00f1ora-de-la-Encarnacion-2.-Foto-Javier-Reyes.jpg\"><img decoding=\"async\" class=\"alignleft size-full wp-image-4272\" src=\"http:\/\/www.ayuntamientodeharia.com\/haria\/wp-content\/uploads\/2016\/03\/Iglesia-nuestra-se\u00f1ora-de-la-Encarnacion-2.-Foto-Javier-Reyes.jpg\" alt=\"Iglesia nuestra se\u00f1ora de la Encarnacion 2. Foto Javier Reyes\" width=\"800\" height=\"533\" srcset=\"https:\/\/www.ayuntamientodeharia.com\/haria\/wp-content\/uploads\/2016\/03\/Iglesia-nuestra-se\u00f1ora-de-la-Encarnacion-2.-Foto-Javier-Reyes.jpg 800w, https:\/\/www.ayuntamientodeharia.com\/haria\/wp-content\/uploads\/2016\/03\/Iglesia-nuestra-se\u00f1ora-de-la-Encarnacion-2.-Foto-Javier-Reyes-300x199.jpg 300w\" sizes=\"(max-width: 800px) 100vw, 800px\" \/><\/a><\/p>\n","protected":false},"excerpt":{"rendered":"<p>&nbsp; Descargar programa en PDF &nbsp; Un 25 de Marzo de 1966, d\u00eda de Ntra. Sra. de La Encarnaci\u00f3n, Patrona de la Parroquia, se inaugura la nueva Iglesia. La portada y contraportada de este programa se corresponden con la presentada en el programa confeccionado con motivo de dicha inauguraci\u00f3n en el a\u00f1o 1966. Este a\u00f1o [&hellip;]<\/p>\n","protected":false},"author":2,"featured_media":0,"comment_status":"closed","ping_status":"closed","sticky":false,"template":"","format":"standard","meta":{"footnotes":""},"categories":[15],"tags":[],"class_list":["post-4270","post","type-post","status-publish","format-standard","hentry","category-festejos"],"_links":{"self":[{"href":"https:\/\/www.ayuntamientodeharia.com\/haria\/wp-json\/wp\/v2\/posts\/4270","targetHints":{"allow":["GET"]}}],"collection":[{"href":"https:\/\/www.ayuntamientodeharia.com\/haria\/wp-json\/wp\/v2\/posts"}],"about":[{"href":"https:\/\/www.ayuntamientodeharia.com\/haria\/wp-json\/wp\/v2\/types\/post"}],"author":[{"embeddable":true,"href":"https:\/\/www.ayuntamientodeharia.com\/haria\/wp-json\/wp\/v2\/users\/2"}],"replies":[{"embeddable":true,"href":"https:\/\/www.ayuntamientodeharia.com\/haria\/wp-json\/wp\/v2\/comments?post=4270"}],"version-history":[{"count":0,"href":"https:\/\/www.ayuntamientodeharia.com\/haria\/wp-json\/wp\/v2\/posts\/4270\/revisions"}],"wp:attachment":[{"href":"https:\/\/www.ayuntamientodeharia.com\/haria\/wp-json\/wp\/v2\/media?parent=4270"}],"wp:term":[{"taxonomy":"category","embeddable":true,"href":"https:\/\/www.ayuntamientodeharia.com\/haria\/wp-json\/wp\/v2\/categories?post=4270"},{"taxonomy":"post_tag","embeddable":true,"href":"https:\/\/www.ayuntamientodeharia.com\/haria\/wp-json\/wp\/v2\/tags?post=4270"}],"curies":[{"name":"wp","href":"https:\/\/api.w.org\/{rel}","templated":true}]}}