{"id":4124,"date":"2016-03-04T13:30:12","date_gmt":"2016-03-04T13:30:12","guid":{"rendered":"http:\/\/www.ayuntamientodeharia.com\/haria\/?p=4124"},"modified":"2016-03-04T13:30:12","modified_gmt":"2016-03-04T13:30:12","slug":"haria-celebra-el-dia-internacional-de-la-mujer","status":"publish","type":"post","link":"https:\/\/www.ayuntamientodeharia.com\/haria\/haria-celebra-el-dia-internacional-de-la-mujer\/","title":{"rendered":"Har\u00eda celebra el D\u00eda Internacional de la Mujer"},"content":{"rendered":"<p>Con motivo de la celebraci\u00f3n del D\u00eda Internacional del la Mujer, el 8 de marzo, la Concejal\u00eda de Igualdad, coordinada por Auxiliadora Fern\u00e1ndez, participar\u00e1 junto al resto de instituciones p\u00fablicas de la Isla en un acto institucional consistente en un marat\u00f3n de lectura de la obra de la escritora tinerfe\u00f1a Mercedes Pinto titulada \u2018\u00c9l\u2019, que tendr\u00e1 lugar a las 11:00 horas, en el sal\u00f3n de plenos del Cabildo.<\/p>\n<p>&nbsp;<\/p>\n<p>En el Ayuntamiento de Har\u00eda, al igual que en a\u00f1os anteriores, se colocar\u00e1 un lazo violeta en la fachada del Consistorio y se realizar\u00e1 un concierto a cargo del grupo Cal y Canto, el s\u00e1bado, 12 de marzo, a las 12:00 horas, en la Plaza de Har\u00eda.<\/p>\n","protected":false},"excerpt":{"rendered":"<p>Con motivo de la celebraci\u00f3n del D\u00eda Internacional del la Mujer, el 8 de marzo, la Concejal\u00eda de Igualdad, coordinada por Auxiliadora Fern\u00e1ndez, participar\u00e1 junto al resto de instituciones p\u00fablicas de la Isla en un acto institucional consistente en un marat\u00f3n de lectura de la obra de la escritora tinerfe\u00f1a Mercedes Pinto titulada \u2018\u00c9l\u2019, que [&hellip;]<\/p>\n","protected":false},"author":2,"featured_media":0,"comment_status":"closed","ping_status":"closed","sticky":false,"template":"","format":"standard","meta":{"footnotes":""},"categories":[11,30],"tags":[],"class_list":["post-4124","post","type-post","status-publish","format-standard","hentry","category-hoja-de-haria","category-igualdad"],"_links":{"self":[{"href":"https:\/\/www.ayuntamientodeharia.com\/haria\/wp-json\/wp\/v2\/posts\/4124","targetHints":{"allow":["GET"]}}],"collection":[{"href":"https:\/\/www.ayuntamientodeharia.com\/haria\/wp-json\/wp\/v2\/posts"}],"about":[{"href":"https:\/\/www.ayuntamientodeharia.com\/haria\/wp-json\/wp\/v2\/types\/post"}],"author":[{"embeddable":true,"href":"https:\/\/www.ayuntamientodeharia.com\/haria\/wp-json\/wp\/v2\/users\/2"}],"replies":[{"embeddable":true,"href":"https:\/\/www.ayuntamientodeharia.com\/haria\/wp-json\/wp\/v2\/comments?post=4124"}],"version-history":[{"count":0,"href":"https:\/\/www.ayuntamientodeharia.com\/haria\/wp-json\/wp\/v2\/posts\/4124\/revisions"}],"wp:attachment":[{"href":"https:\/\/www.ayuntamientodeharia.com\/haria\/wp-json\/wp\/v2\/media?parent=4124"}],"wp:term":[{"taxonomy":"category","embeddable":true,"href":"https:\/\/www.ayuntamientodeharia.com\/haria\/wp-json\/wp\/v2\/categories?post=4124"},{"taxonomy":"post_tag","embeddable":true,"href":"https:\/\/www.ayuntamientodeharia.com\/haria\/wp-json\/wp\/v2\/tags?post=4124"}],"curies":[{"name":"wp","href":"https:\/\/api.w.org\/{rel}","templated":true}]}}