{"id":3862,"date":"2016-02-05T13:03:38","date_gmt":"2016-02-05T13:03:38","guid":{"rendered":"http:\/\/www.ayuntamientodeharia.com\/haria\/?p=3862"},"modified":"2016-02-05T13:03:38","modified_gmt":"2016-02-05T13:03:38","slug":"el-ayuntamiento-invita-a-los-vecinos-a-participar-en-la-carroza-municipal-2","status":"publish","type":"post","link":"https:\/\/www.ayuntamientodeharia.com\/haria\/el-ayuntamiento-invita-a-los-vecinos-a-participar-en-la-carroza-municipal-2\/","title":{"rendered":"El Ayuntamiento invita a los vecinos a participar en la carroza municipal"},"content":{"rendered":"<p>El Ayuntamiento de Har\u00eda invita a los vecinos del municipio a formar parte del grupo de Carnaval que acompa\u00f1ar\u00e1 a la carroza del Consistorio en los diferentes cosos de la Isla.<\/p>\n<p>&nbsp;<\/p>\n<p>Las personas interesadas deber\u00e1n inscribirse en la centralita del Consistorio.<\/p>\n","protected":false},"excerpt":{"rendered":"<p>El Ayuntamiento de Har\u00eda invita a los vecinos del municipio a formar parte del grupo de Carnaval que acompa\u00f1ar\u00e1 a la carroza del Consistorio en los diferentes cosos de la Isla. &nbsp; Las personas interesadas deber\u00e1n inscribirse en la centralita del Consistorio.<\/p>\n","protected":false},"author":2,"featured_media":0,"comment_status":"closed","ping_status":"closed","sticky":false,"template":"","format":"standard","meta":{"footnotes":""},"categories":[15,11],"tags":[],"class_list":["post-3862","post","type-post","status-publish","format-standard","hentry","category-festejos","category-hoja-de-haria"],"_links":{"self":[{"href":"https:\/\/www.ayuntamientodeharia.com\/haria\/wp-json\/wp\/v2\/posts\/3862","targetHints":{"allow":["GET"]}}],"collection":[{"href":"https:\/\/www.ayuntamientodeharia.com\/haria\/wp-json\/wp\/v2\/posts"}],"about":[{"href":"https:\/\/www.ayuntamientodeharia.com\/haria\/wp-json\/wp\/v2\/types\/post"}],"author":[{"embeddable":true,"href":"https:\/\/www.ayuntamientodeharia.com\/haria\/wp-json\/wp\/v2\/users\/2"}],"replies":[{"embeddable":true,"href":"https:\/\/www.ayuntamientodeharia.com\/haria\/wp-json\/wp\/v2\/comments?post=3862"}],"version-history":[{"count":0,"href":"https:\/\/www.ayuntamientodeharia.com\/haria\/wp-json\/wp\/v2\/posts\/3862\/revisions"}],"wp:attachment":[{"href":"https:\/\/www.ayuntamientodeharia.com\/haria\/wp-json\/wp\/v2\/media?parent=3862"}],"wp:term":[{"taxonomy":"category","embeddable":true,"href":"https:\/\/www.ayuntamientodeharia.com\/haria\/wp-json\/wp\/v2\/categories?post=3862"},{"taxonomy":"post_tag","embeddable":true,"href":"https:\/\/www.ayuntamientodeharia.com\/haria\/wp-json\/wp\/v2\/tags?post=3862"}],"curies":[{"name":"wp","href":"https:\/\/api.w.org\/{rel}","templated":true}]}}