{"id":34523,"date":"2026-04-28T12:08:55","date_gmt":"2026-04-28T11:08:55","guid":{"rendered":"https:\/\/www.ayuntamientodeharia.com\/haria\/?p=34523"},"modified":"2026-04-28T12:08:55","modified_gmt":"2026-04-28T11:08:55","slug":"haria-rinde-tributo-al-legado-de-juan-jose-santana-de-leon","status":"publish","type":"post","link":"https:\/\/www.ayuntamientodeharia.com\/haria\/haria-rinde-tributo-al-legado-de-juan-jose-santana-de-leon\/","title":{"rendered":"Har\u00eda rinde tributo al legado de Juan Jos\u00e9 Santana de Le\u00f3n"},"content":{"rendered":"<p><span style=\"font-weight: 400;\">El Ayuntamiento de Har\u00eda invita a la poblaci\u00f3n a participar en el emotivo reconocimiento a la trayectoria de D. Juan Jos\u00e9 Santana de Le\u00f3n, nacido el 5 de mayo de 1944 en el pueblo de M\u00e1guez, con motivo del aniversario de su nacimiento, que se celebrar\u00e1 ese mismo d\u00eda, martes 5 de mayo, a las 19:00 horas en el Centro Democr\u00e1tico de M\u00e1guez. Su vida fue un ejemplo de servicio p\u00fablico y docente, dejando una huella profunda como maestro del Colegio Nacional de Har\u00eda desde 1969 y como primer alcalde democr\u00e1tico del municipio en 1979.<\/span><\/p>\n<p><span style=\"font-weight: 400;\">La conmemoraci\u00f3n dar\u00e1 comienzo de forma solemne a las 19:00 horas con un minuto de silencio acompa\u00f1ado por el himno de Canarias, seguido de la bienvenida oficial y el saludo de las autoridades presentes del Consistorio, el Cabildo de Lanzarote, el Gobierno regional y el Parlamento. Para profundizar en su legado, a las 19:15 horas se proyectar\u00e1 un documental sobre su vida y obra, que dar\u00e1 paso a una serie de intervenciones de las entidades que marcaron su \u00faltima etapa: el Centro Democr\u00e1tico, la Asociaci\u00f3n del Vino y del Queso de Lanzarote, la Fundaci\u00f3n Clavijo y Fajardo y la Asociaci\u00f3n Amigos del Vino y el Queso.<\/span><\/p>\n<p><span style=\"font-weight: 400;\">A mitad de la tarde, el acto se tornar\u00e1 m\u00e1s \u00edntimo y literario con el recital de poes\u00eda <\/span><i><span style=\"font-weight: 400;\">El Vino<\/span><\/i><span style=\"font-weight: 400;\">, de Juan Rodolfo Bustamante, simbolizando su pasi\u00f3n por la tierra. A partir de las 19:40 horas, el micr\u00f3fono se abrir\u00e1 para honrar el cari\u00f1o de quienes convivieron con \u00e9l. Antiguos alumnos, amigos cercanos y colaboradores de sus m\u00faltiples proyectos compartir\u00e1n an\u00e9cdotas que reflejan su car\u00e1cter inquieto y generoso.<\/span><\/p>\n<p><span style=\"font-weight: 400;\">El tramo final del memorial estar\u00e1 marcado por la emoci\u00f3n de un video conmemorativo a las 19:55 horas, que servir\u00e1 de preludio al momento cumbre: la entrega de la distinci\u00f3n institucional y las palabras de agradecimiento de su familia a las 20:15 horas. Como broche de oro a una jornada dedicada al amor por las ra\u00edces y la cultura de Lanzarote, el grupo Los Gorfines se encargar\u00e1 de clausurar el acto a las 20:30 horas, celebrando la vida de un hombre que trabaj\u00f3 incansablemente por la prosperidad de Har\u00eda.<\/span><\/p>\n","protected":false},"excerpt":{"rendered":"<p>El Ayuntamiento de Har\u00eda invita a la poblaci\u00f3n a participar en el emotivo reconocimiento a la trayectoria de D. Juan Jos\u00e9 Santana de Le\u00f3n, nacido el 5 de mayo de 1944 en el pueblo de M\u00e1guez, con motivo del aniversario de su nacimiento, que se celebrar\u00e1 ese mismo d\u00eda, martes 5 de mayo, a las [&hellip;]<\/p>\n","protected":false},"author":13,"featured_media":34524,"comment_status":"closed","ping_status":"closed","sticky":false,"template":"","format":"standard","meta":{"footnotes":""},"categories":[11],"tags":[1449],"class_list":["post-34523","post","type-post","status-publish","format-standard","has-post-thumbnail","hentry","category-hoja-de-haria","tag-hoja-de-haria-1323"],"_links":{"self":[{"href":"https:\/\/www.ayuntamientodeharia.com\/haria\/wp-json\/wp\/v2\/posts\/34523","targetHints":{"allow":["GET"]}}],"collection":[{"href":"https:\/\/www.ayuntamientodeharia.com\/haria\/wp-json\/wp\/v2\/posts"}],"about":[{"href":"https:\/\/www.ayuntamientodeharia.com\/haria\/wp-json\/wp\/v2\/types\/post"}],"author":[{"embeddable":true,"href":"https:\/\/www.ayuntamientodeharia.com\/haria\/wp-json\/wp\/v2\/users\/13"}],"replies":[{"embeddable":true,"href":"https:\/\/www.ayuntamientodeharia.com\/haria\/wp-json\/wp\/v2\/comments?post=34523"}],"version-history":[{"count":1,"href":"https:\/\/www.ayuntamientodeharia.com\/haria\/wp-json\/wp\/v2\/posts\/34523\/revisions"}],"predecessor-version":[{"id":34525,"href":"https:\/\/www.ayuntamientodeharia.com\/haria\/wp-json\/wp\/v2\/posts\/34523\/revisions\/34525"}],"wp:featuredmedia":[{"embeddable":true,"href":"https:\/\/www.ayuntamientodeharia.com\/haria\/wp-json\/wp\/v2\/media\/34524"}],"wp:attachment":[{"href":"https:\/\/www.ayuntamientodeharia.com\/haria\/wp-json\/wp\/v2\/media?parent=34523"}],"wp:term":[{"taxonomy":"category","embeddable":true,"href":"https:\/\/www.ayuntamientodeharia.com\/haria\/wp-json\/wp\/v2\/categories?post=34523"},{"taxonomy":"post_tag","embeddable":true,"href":"https:\/\/www.ayuntamientodeharia.com\/haria\/wp-json\/wp\/v2\/tags?post=34523"}],"curies":[{"name":"wp","href":"https:\/\/api.w.org\/{rel}","templated":true}]}}