{"id":34516,"date":"2026-04-23T15:50:32","date_gmt":"2026-04-23T14:50:32","guid":{"rendered":"https:\/\/www.ayuntamientodeharia.com\/haria\/?p=34516"},"modified":"2026-04-23T15:50:32","modified_gmt":"2026-04-23T14:50:32","slug":"la-sala-el-aljibe-acoge-la-presentacion-del-libro-el-universo-y-la-estrella-perdida-de-lorena-curbelo","status":"publish","type":"post","link":"https:\/\/www.ayuntamientodeharia.com\/haria\/la-sala-el-aljibe-acoge-la-presentacion-del-libro-el-universo-y-la-estrella-perdida-de-lorena-curbelo\/","title":{"rendered":"La Sala El Aljibe acoge la presentaci\u00f3n del libro \u2018El universo y la estrella perdida\u2019, de Lorena Curbelo"},"content":{"rendered":"<p><b><i>El encuentro tendr\u00e1 lugar este s\u00e1bado, 25 de abril, a las 12:00 horas, con motivo de la celebraci\u00f3n del D\u00eda del Libro<\/i><\/b><\/p>\n<p><span style=\"font-weight: 400;\">El Ayuntamiento de Har\u00eda, a trav\u00e9s de la Concejal\u00eda de Cultura, organiza este s\u00e1bado, 25 de abril, la presentaci\u00f3n del libro <\/span><i><span style=\"font-weight: 400;\">El universo y la estrella perdida<\/span><\/i><span style=\"font-weight: 400;\">, de la escritora Lorena Curbelo. El encuentro se celebrar\u00e1 en la Sala El Aljibe, a las 12:00 horas, con motivo de la celebraci\u00f3n del D\u00eda del Libro.<\/span><\/p>\n<p><span style=\"font-weight: 400;\">El alcalde, Alfredo Villalba, invita a la ciudadan\u00eda a disfrutar de un encuentro literario que aborda un tema tan delicado como es el acoso escolar o bullying. \u201cLa obra transmite a los m\u00e1s peque\u00f1os y peque\u00f1as valores como el respeto y la igualdad\u201d, subraya.\u00a0<\/span><\/p>\n<p><span style=\"font-weight: 400;\">Por su parte, la concejala de Cultura, Evelia Garc\u00eda, se\u00f1ala que \u201cel cuento est\u00e1 dirigido a ni\u00f1os y ni\u00f1as a partir de 8 a\u00f1os y, adem\u00e1s, es\u00a0 inclusivo, biling\u00fce y con actividades dinamizadoras\u201d. \u201cLorena Curbelo es la fundadora del proyecto \u2018Educar para la salud a trav\u00e9s de la magia de los cuentos\u2019 , una propuesta que une literatura, pedagog\u00eda y bienestar social\u201d, apunta.\u00a0<\/span><\/p>\n<p><span style=\"font-weight: 400;\">El libro cuenta la historia de una estrella que sufre bullying por parte de otras compa\u00f1eras. Por ello, decide esconderse en un lugar donde nadie podr\u00e1 encontrarla hasta que la Luna, su gran amiga, le pueda ayudar.<\/span><\/p>\n<p><span style=\"font-weight: 400;\">Con este tipo de iniciativas, el Consistorio reafirma su apuesta por el apoyo a escritores locales.<\/span><\/p>\n","protected":false},"excerpt":{"rendered":"<p>El encuentro tendr\u00e1 lugar este s\u00e1bado, 25 de abril, a las 12:00 horas, con motivo de la celebraci\u00f3n del D\u00eda del Libro El Ayuntamiento de Har\u00eda, a trav\u00e9s de la Concejal\u00eda de Cultura, organiza este s\u00e1bado, 25 de abril, la presentaci\u00f3n del libro El universo y la estrella perdida, de la escritora Lorena Curbelo. El [&hellip;]<\/p>\n","protected":false},"author":13,"featured_media":34517,"comment_status":"closed","ping_status":"closed","sticky":false,"template":"","format":"standard","meta":{"footnotes":""},"categories":[16],"tags":[],"class_list":["post-34516","post","type-post","status-publish","format-standard","has-post-thumbnail","hentry","category-cultura"],"_links":{"self":[{"href":"https:\/\/www.ayuntamientodeharia.com\/haria\/wp-json\/wp\/v2\/posts\/34516","targetHints":{"allow":["GET"]}}],"collection":[{"href":"https:\/\/www.ayuntamientodeharia.com\/haria\/wp-json\/wp\/v2\/posts"}],"about":[{"href":"https:\/\/www.ayuntamientodeharia.com\/haria\/wp-json\/wp\/v2\/types\/post"}],"author":[{"embeddable":true,"href":"https:\/\/www.ayuntamientodeharia.com\/haria\/wp-json\/wp\/v2\/users\/13"}],"replies":[{"embeddable":true,"href":"https:\/\/www.ayuntamientodeharia.com\/haria\/wp-json\/wp\/v2\/comments?post=34516"}],"version-history":[{"count":1,"href":"https:\/\/www.ayuntamientodeharia.com\/haria\/wp-json\/wp\/v2\/posts\/34516\/revisions"}],"predecessor-version":[{"id":34518,"href":"https:\/\/www.ayuntamientodeharia.com\/haria\/wp-json\/wp\/v2\/posts\/34516\/revisions\/34518"}],"wp:featuredmedia":[{"embeddable":true,"href":"https:\/\/www.ayuntamientodeharia.com\/haria\/wp-json\/wp\/v2\/media\/34517"}],"wp:attachment":[{"href":"https:\/\/www.ayuntamientodeharia.com\/haria\/wp-json\/wp\/v2\/media?parent=34516"}],"wp:term":[{"taxonomy":"category","embeddable":true,"href":"https:\/\/www.ayuntamientodeharia.com\/haria\/wp-json\/wp\/v2\/categories?post=34516"},{"taxonomy":"post_tag","embeddable":true,"href":"https:\/\/www.ayuntamientodeharia.com\/haria\/wp-json\/wp\/v2\/tags?post=34516"}],"curies":[{"name":"wp","href":"https:\/\/api.w.org\/{rel}","templated":true}]}}