{"id":34463,"date":"2026-04-15T15:35:39","date_gmt":"2026-04-15T14:35:39","guid":{"rendered":"https:\/\/www.ayuntamientodeharia.com\/haria\/?p=34463"},"modified":"2026-04-15T15:35:39","modified_gmt":"2026-04-15T14:35:39","slug":"el-ayuntamiento-de-haria-aprueba-definitivamente-un-presupuesto-de-1329-millones-de-euros","status":"publish","type":"post","link":"https:\/\/www.ayuntamientodeharia.com\/haria\/el-ayuntamiento-de-haria-aprueba-definitivamente-un-presupuesto-de-1329-millones-de-euros\/","title":{"rendered":"El Ayuntamiento de Har\u00eda aprueba definitivamente un presupuesto de 13,29 millones de euros\u00a0\u00a0"},"content":{"rendered":"<p><b><i>El nuevo marco econ\u00f3mico est\u00e1 basado en una planificaci\u00f3n\u00a0 prudente, responsable y orientada a la eficiencia en la gesti\u00f3n municipal<\/i><\/b><\/p>\n<p><span style=\"font-weight: 400;\">El Ayuntamiento de Har\u00eda aprueba definitivamente, en sesi\u00f3n plenaria, el presupuesto general correspondiente al ejercicio 2026, que alcanza un total de 13.298.167 euros.<\/span><\/p>\n<p><span style=\"font-weight: 400;\">El alcalde, Alfredo Villalba, afirma que \u201cse trata de un presupuesto responsable y sigue la l\u00ednea en la que se ven\u00eda trabajando, garantizando la estabilidad presupuestaria y consolidando los servicios municipales sin comprometer la estabilidad financiera\u201d. Adem\u00e1s, destac\u00f3 que \u201ceste nuevo marco econ\u00f3mico permitir\u00e1 avanzar en los proyectos centrados en mejorar el bienestar de la ciudadan\u00eda del municipio\u201d.\u00a0<\/span><\/p>\n<p><span style=\"font-weight: 400;\">Por su parte, el concejal de Econom\u00eda y Hacienda, Celestino Socas, se\u00f1ala que \u201cesta partida mantiene una marcada planificaci\u00f3n y visi\u00f3n realista sobre el control de gastos\u201d. \u201cLa financiaci\u00f3n prevista facilitar\u00e1, entre otras mejoras, la adecuaci\u00f3n de los caminos agr\u00edcolas y los espacios p\u00fablicos, as\u00ed como el mantenimiento de parques y jardines, adem\u00e1s de reforzar la limpieza viaria\u201d, explic\u00f3.\u00a0<\/span><\/p>\n<p><span style=\"font-weight: 400;\">Entre las prioridades de las nuevas cuentas figuran el incremento de las ayudas educativas, el refuerzo de los servicios sociales y la mejora de la prestaci\u00f3n de servicios b\u00e1sicos, consolidando un modelo de gesti\u00f3n orientado a la cohesi\u00f3n social y al desarrollo sostenible del municipio.\u00a0<\/span><\/p>\n<p><span style=\"font-weight: 400;\">Cabe destacar que se produce un incremento respecto al ejercicio anterior, y as\u00ed frente al presupuesto del 2025 que ascend\u00eda a un total de 12.421.523,13 \u20ac, el actual supone un aumento de 876.643,96\u20ac, gracias a\u00a0 una previsi\u00f3n de ingresos m\u00e1s elevada.<\/span><\/p>\n<p><span style=\"font-weight: 400;\">Los servicios p\u00fablicos han incrementado su participaci\u00f3n de 800.000 euros en 2024 a 1,8 millones de euros en 2026, mientras que los servicios de ayuda domiciliaria pasan de 50.000 euros a casi 120.000.\u00a0<\/span><\/p>\n<p><span style=\"font-weight: 400;\">Entre las l\u00edneas destacadas del presupuesto para el ejercicio 2026, se encuentran los 6.125.416 de euros destinados a Bienes Corrientes y Servicios. Por su parte, 4.586.893 de euros corresponden a Gastos de Personal y\u00a0 65.000 euros son encomendados al\u00a0 fondo de contingencia.\u00a0<\/span><\/p>\n<p><span style=\"font-weight: 400;\">El presupuesto refuerza el mantenimiento de los espacios p\u00fablicos mediante un incremento tanto en los contratos de limpieza, como en los suministros de materiales. Esta apuesta dota al Parque M\u00f3vil de los medios necesarios para agilizar las actuaciones diarias, unas tareas que se ven complementadas con una inversi\u00f3n hist\u00f3rica en esta \u00e1rea que crece de los 504.702\u00a0 a los 1.108.650 euros. Lo que permitir\u00e1 la adquisici\u00f3n de un nuevo cami\u00f3n de recogida de carga lateral y el avance de los expedientes de expropiaci\u00f3n en tr\u00e1mite.<\/span><\/p>\n<p><span style=\"font-weight: 400;\">En los nuevos fondos se prev\u00e9 un aumento de los ingresos de la tasa de residuos, estos responden tanto del incremento real del coste del servicio como a la necesidad de adaptarlo al nuevo marco normativo establecido por la Ley 7\/2022, de residuos y suelos contaminados para una econom\u00eda circular. Esta ley exige a los municipios reforzar la recogida selectiva, mejorar los sistemas de tratamiento y cumplir objetivos ambientales mucho m\u00e1s estrictos, lo que se ve reflejado en un incremento de los costes.<\/span><\/p>\n<p><span style=\"font-weight: 400;\">Tambi\u00e9n cabe destacar que se mantiene la previsi\u00f3n de 1.000.000 de euros en el cap\u00edtulo de inversiones, financiadas a trav\u00e9s de la adenda del convenio con el Cabildo de Lanzarote por la sentencia hist\u00f3rica de la Cueva de los Verdes. Esta cuant\u00eda, asegura la financiaci\u00f3n necesaria para ejecutar las inversiones previstas en el presente ejercicio.<\/span><\/p>\n<p><span style=\"font-weight: 400;\">Por otro lado, el Ayuntamiento de Har\u00eda no tiene deuda financiera pendiente y no est\u00e1 prevista la contrataci\u00f3n de ning\u00fan pr\u00e9stamo a largo plazo durante 2026, del mismo modo los informes certifican que el presupuesto cumple con los objetivos de estabilidad presupuestaria.\u00a0<\/span><\/p>\n","protected":false},"excerpt":{"rendered":"<p>El nuevo marco econ\u00f3mico est\u00e1 basado en una planificaci\u00f3n\u00a0 prudente, responsable y orientada a la eficiencia en la gesti\u00f3n municipal El Ayuntamiento de Har\u00eda aprueba definitivamente, en sesi\u00f3n plenaria, el presupuesto general correspondiente al ejercicio 2026, que alcanza un total de 13.298.167 euros. El alcalde, Alfredo Villalba, afirma que \u201cse trata de un presupuesto responsable [&hellip;]<\/p>\n","protected":false},"author":13,"featured_media":34333,"comment_status":"closed","ping_status":"closed","sticky":false,"template":"","format":"standard","meta":{"footnotes":""},"categories":[73],"tags":[],"class_list":["post-34463","post","type-post","status-publish","format-standard","has-post-thumbnail","hentry","category-alcaldia"],"_links":{"self":[{"href":"https:\/\/www.ayuntamientodeharia.com\/haria\/wp-json\/wp\/v2\/posts\/34463","targetHints":{"allow":["GET"]}}],"collection":[{"href":"https:\/\/www.ayuntamientodeharia.com\/haria\/wp-json\/wp\/v2\/posts"}],"about":[{"href":"https:\/\/www.ayuntamientodeharia.com\/haria\/wp-json\/wp\/v2\/types\/post"}],"author":[{"embeddable":true,"href":"https:\/\/www.ayuntamientodeharia.com\/haria\/wp-json\/wp\/v2\/users\/13"}],"replies":[{"embeddable":true,"href":"https:\/\/www.ayuntamientodeharia.com\/haria\/wp-json\/wp\/v2\/comments?post=34463"}],"version-history":[{"count":1,"href":"https:\/\/www.ayuntamientodeharia.com\/haria\/wp-json\/wp\/v2\/posts\/34463\/revisions"}],"predecessor-version":[{"id":34464,"href":"https:\/\/www.ayuntamientodeharia.com\/haria\/wp-json\/wp\/v2\/posts\/34463\/revisions\/34464"}],"wp:featuredmedia":[{"embeddable":true,"href":"https:\/\/www.ayuntamientodeharia.com\/haria\/wp-json\/wp\/v2\/media\/34333"}],"wp:attachment":[{"href":"https:\/\/www.ayuntamientodeharia.com\/haria\/wp-json\/wp\/v2\/media?parent=34463"}],"wp:term":[{"taxonomy":"category","embeddable":true,"href":"https:\/\/www.ayuntamientodeharia.com\/haria\/wp-json\/wp\/v2\/categories?post=34463"},{"taxonomy":"post_tag","embeddable":true,"href":"https:\/\/www.ayuntamientodeharia.com\/haria\/wp-json\/wp\/v2\/tags?post=34463"}],"curies":[{"name":"wp","href":"https:\/\/api.w.org\/{rel}","templated":true}]}}