{"id":34386,"date":"2026-03-09T13:58:53","date_gmt":"2026-03-09T13:58:53","guid":{"rendered":"https:\/\/www.ayuntamientodeharia.com\/haria\/?p=34386"},"modified":"2026-03-09T13:58:53","modified_gmt":"2026-03-09T13:58:53","slug":"participamos-en-el-proyecto-iii-guia-canaria-de-sabias-guias-interpretes","status":"publish","type":"post","link":"https:\/\/www.ayuntamientodeharia.com\/haria\/participamos-en-el-proyecto-iii-guia-canaria-de-sabias-guias-interpretes\/","title":{"rendered":"Participamos en el proyecto III Gu\u00eda Canaria de Sabias Gu\u00edas Int\u00e9rpretes"},"content":{"rendered":"<p><span style=\"font-weight: 400;\">El Ayuntamiento de Har\u00eda particip\u00f3 el pasado 27 de febrero en el proyecto III Gu\u00eda Canaria de Sabias Gu\u00edas Int\u00e9rpretes, impulsado por la Fundaci\u00f3n Canaria Lidia Garc\u00eda. Se trata de una iniciativa centrada en el rescate y la puesta en valor de la memoria hist\u00f3rica y cultural del municipio, a trav\u00e9s del testimonio de mujeres sabias que han compartido sus vivencias y su experiencia de vida ligada al campo.<\/span><\/p>\n<p><span style=\"font-weight: 400;\">Esta tercera edici\u00f3n, dedicada a \u2018Los caminos de la memoria de las mujeres canarias\u2019, se desarroll\u00f3 de manera simult\u00e1nea en todas las islas del archipi\u00e9lago.\u00a0<\/span><\/p>\n<p><span style=\"font-weight: 400;\">La jornada culmin\u00f3 con una ruta por La Atalaya, desde donde se contemplan los cultivos y arenados de M\u00e1guez y Har\u00eda. El recorrido cont\u00f3 con la participaci\u00f3n de la gu\u00eda, as\u00ed como de un grupo de alumnado del IES San Bartolom\u00e9 y sus madres, favoreciendo as\u00ed el intercambio intergeneracional y el aprendizaje compartido.<\/span><\/p>\n<p><span style=\"font-weight: 400;\">En Lanzarote, el proyecto ha sido coordinado por Luz Mary Duque y Leandro Zalazar, quienes entrevistaron a cuatro mujeres referentes del municipio: Mercedes Vi\u00f1oly, Carmen Betancor, Lola Bonilla y Victoria Luzardo. Sus relatos constituyen un valioso legado oral que contribuye a preservar las tradiciones, el conocimiento agr\u00edcola y la historia viva de Har\u00eda.<\/span><\/p>\n<p><span style=\"font-weight: 400;\">Como muestra de reconocimiento, el Consistorio hizo entrega de un obsequio a las participantes en agradecimiento por su generosidad y compromiso.<\/span><\/p>\n","protected":false},"excerpt":{"rendered":"<p>El Ayuntamiento de Har\u00eda particip\u00f3 el pasado 27 de febrero en el proyecto III Gu\u00eda Canaria de Sabias Gu\u00edas Int\u00e9rpretes, impulsado por la Fundaci\u00f3n Canaria Lidia Garc\u00eda. Se trata de una iniciativa centrada en el rescate y la puesta en valor de la memoria hist\u00f3rica y cultural del municipio, a trav\u00e9s del testimonio de mujeres [&hellip;]<\/p>\n","protected":false},"author":13,"featured_media":34387,"comment_status":"closed","ping_status":"closed","sticky":false,"template":"","format":"standard","meta":{"footnotes":""},"categories":[11],"tags":[1441],"class_list":["post-34386","post","type-post","status-publish","format-standard","has-post-thumbnail","hentry","category-hoja-de-haria","tag-la-hoja-municipio-de-haria-1316-3"],"_links":{"self":[{"href":"https:\/\/www.ayuntamientodeharia.com\/haria\/wp-json\/wp\/v2\/posts\/34386","targetHints":{"allow":["GET"]}}],"collection":[{"href":"https:\/\/www.ayuntamientodeharia.com\/haria\/wp-json\/wp\/v2\/posts"}],"about":[{"href":"https:\/\/www.ayuntamientodeharia.com\/haria\/wp-json\/wp\/v2\/types\/post"}],"author":[{"embeddable":true,"href":"https:\/\/www.ayuntamientodeharia.com\/haria\/wp-json\/wp\/v2\/users\/13"}],"replies":[{"embeddable":true,"href":"https:\/\/www.ayuntamientodeharia.com\/haria\/wp-json\/wp\/v2\/comments?post=34386"}],"version-history":[{"count":1,"href":"https:\/\/www.ayuntamientodeharia.com\/haria\/wp-json\/wp\/v2\/posts\/34386\/revisions"}],"predecessor-version":[{"id":34388,"href":"https:\/\/www.ayuntamientodeharia.com\/haria\/wp-json\/wp\/v2\/posts\/34386\/revisions\/34388"}],"wp:featuredmedia":[{"embeddable":true,"href":"https:\/\/www.ayuntamientodeharia.com\/haria\/wp-json\/wp\/v2\/media\/34387"}],"wp:attachment":[{"href":"https:\/\/www.ayuntamientodeharia.com\/haria\/wp-json\/wp\/v2\/media?parent=34386"}],"wp:term":[{"taxonomy":"category","embeddable":true,"href":"https:\/\/www.ayuntamientodeharia.com\/haria\/wp-json\/wp\/v2\/categories?post=34386"},{"taxonomy":"post_tag","embeddable":true,"href":"https:\/\/www.ayuntamientodeharia.com\/haria\/wp-json\/wp\/v2\/tags?post=34386"}],"curies":[{"name":"wp","href":"https:\/\/api.w.org\/{rel}","templated":true}]}}