{"id":34383,"date":"2026-03-09T13:58:02","date_gmt":"2026-03-09T13:58:02","guid":{"rendered":"https:\/\/www.ayuntamientodeharia.com\/haria\/?p=34383"},"modified":"2026-03-09T13:58:02","modified_gmt":"2026-03-09T13:58:02","slug":"vuelven-las-clases-de-la-escuela-municipal-de-circo-de-haria","status":"publish","type":"post","link":"https:\/\/www.ayuntamientodeharia.com\/haria\/vuelven-las-clases-de-la-escuela-municipal-de-circo-de-haria\/","title":{"rendered":"Vuelven las clases de la Escuela Municipal de Circo de Har\u00eda"},"content":{"rendered":"<p><span style=\"font-weight: 400;\">El Punto Joven, dependiente del Departamento de Juventud del Ayuntamiento de Har\u00eda, pone en marcha desde el s\u00e1bado 14 de marzo la Escuela Municipal de Circo de Har\u00eda, que se desarrollar\u00e1 durante todo el a\u00f1o 2026. Las clases ser\u00e1n todos los s\u00e1bados de 11:00 a 13:00 horas en el C.S.C. La Garita en Arrieta.<\/span><\/p>\n<p><span style=\"font-weight: 400;\">La Escuela Municipal de Circo de Har\u00eda 2026 est\u00e1 dirigida a toda la poblaci\u00f3n a partir de los 6 a\u00f1os de edad. Durante cada sesi\u00f3n, el alumnado trabajar\u00e1 la preparaci\u00f3n para la actividad con un calentamiento inicial, trabajo espec\u00edfico del d\u00eda\u00a0 en las modalidades\u00a0 de acrobacias y a\u00e9reos, t\u00e9cnicas circenses y malabares, finalizando con la vuelta a la calma con relajaci\u00f3n y estiramientos.<\/span><\/p>\n<p><span style=\"font-weight: 400;\">Las personas interesadas deber\u00e1n inscribirse en la web <\/span><a href=\"http:\/\/www.juventudharia.es\"><span style=\"font-weight: 400;\">www.juventudharia.es<\/span><\/a><span style=\"font-weight: 400;\"> . Para m\u00e1s informaci\u00f3n de la actividad, pueden contactar en el tel\u00e9fono 637 893 535, por correo electr\u00f3nico en escueladecircoharia@ayuntamientodeharia.com o consultar en la web.<\/span><\/p>\n","protected":false},"excerpt":{"rendered":"<p>El Punto Joven, dependiente del Departamento de Juventud del Ayuntamiento de Har\u00eda, pone en marcha desde el s\u00e1bado 14 de marzo la Escuela Municipal de Circo de Har\u00eda, que se desarrollar\u00e1 durante todo el a\u00f1o 2026. Las clases ser\u00e1n todos los s\u00e1bados de 11:00 a 13:00 horas en el C.S.C. La Garita en Arrieta. La [&hellip;]<\/p>\n","protected":false},"author":13,"featured_media":34384,"comment_status":"closed","ping_status":"closed","sticky":false,"template":"","format":"standard","meta":{"footnotes":""},"categories":[11],"tags":[1441],"class_list":["post-34383","post","type-post","status-publish","format-standard","has-post-thumbnail","hentry","category-hoja-de-haria","tag-la-hoja-municipio-de-haria-1316-3"],"_links":{"self":[{"href":"https:\/\/www.ayuntamientodeharia.com\/haria\/wp-json\/wp\/v2\/posts\/34383","targetHints":{"allow":["GET"]}}],"collection":[{"href":"https:\/\/www.ayuntamientodeharia.com\/haria\/wp-json\/wp\/v2\/posts"}],"about":[{"href":"https:\/\/www.ayuntamientodeharia.com\/haria\/wp-json\/wp\/v2\/types\/post"}],"author":[{"embeddable":true,"href":"https:\/\/www.ayuntamientodeharia.com\/haria\/wp-json\/wp\/v2\/users\/13"}],"replies":[{"embeddable":true,"href":"https:\/\/www.ayuntamientodeharia.com\/haria\/wp-json\/wp\/v2\/comments?post=34383"}],"version-history":[{"count":1,"href":"https:\/\/www.ayuntamientodeharia.com\/haria\/wp-json\/wp\/v2\/posts\/34383\/revisions"}],"predecessor-version":[{"id":34385,"href":"https:\/\/www.ayuntamientodeharia.com\/haria\/wp-json\/wp\/v2\/posts\/34383\/revisions\/34385"}],"wp:featuredmedia":[{"embeddable":true,"href":"https:\/\/www.ayuntamientodeharia.com\/haria\/wp-json\/wp\/v2\/media\/34384"}],"wp:attachment":[{"href":"https:\/\/www.ayuntamientodeharia.com\/haria\/wp-json\/wp\/v2\/media?parent=34383"}],"wp:term":[{"taxonomy":"category","embeddable":true,"href":"https:\/\/www.ayuntamientodeharia.com\/haria\/wp-json\/wp\/v2\/categories?post=34383"},{"taxonomy":"post_tag","embeddable":true,"href":"https:\/\/www.ayuntamientodeharia.com\/haria\/wp-json\/wp\/v2\/tags?post=34383"}],"curies":[{"name":"wp","href":"https:\/\/api.w.org\/{rel}","templated":true}]}}