{"id":34378,"date":"2026-03-09T13:56:51","date_gmt":"2026-03-09T13:56:51","guid":{"rendered":"https:\/\/www.ayuntamientodeharia.com\/haria\/?p=34378"},"modified":"2026-03-09T13:56:51","modified_gmt":"2026-03-09T13:56:51","slug":"organizamos-un-taller-de-confeccion-de-sombrera-de-empleita-en-el-taller-de-artesania","status":"publish","type":"post","link":"https:\/\/www.ayuntamientodeharia.com\/haria\/organizamos-un-taller-de-confeccion-de-sombrera-de-empleita-en-el-taller-de-artesania\/","title":{"rendered":"Organizamos un taller de confecci\u00f3n de sombrera de empleita en el Taller de Artesan\u00eda"},"content":{"rendered":"<p><span style=\"font-weight: 400;\">El Ayuntamiento de Har\u00eda pondr\u00e1 en marcha, a partir del mi\u00e9rcoles 18 de marzo, los talleres de confecci\u00f3n de sombrera de empleita, una t\u00e9cnica tradicional utilizada en la elaboraci\u00f3n de estos accesorios de Lanzarote.<\/span><\/p>\n<p><span style=\"font-weight: 400;\">Las inscripciones se abrir\u00e1n el mi\u00e9rcoles 11 de marzo a partir de las 8:00 horas en el registro de plazas. La actividad cuenta con plazas limitadas y se realizar\u00e1 todos los mi\u00e9rcoles de 16:00 a 17:30 horas en el Taller de Artesan\u00eda.\u00a0<\/span><\/p>\n","protected":false},"excerpt":{"rendered":"<p>El Ayuntamiento de Har\u00eda pondr\u00e1 en marcha, a partir del mi\u00e9rcoles 18 de marzo, los talleres de confecci\u00f3n de sombrera de empleita, una t\u00e9cnica tradicional utilizada en la elaboraci\u00f3n de estos accesorios de Lanzarote. Las inscripciones se abrir\u00e1n el mi\u00e9rcoles 11 de marzo a partir de las 8:00 horas en el registro de plazas. La [&hellip;]<\/p>\n","protected":false},"author":13,"featured_media":34379,"comment_status":"closed","ping_status":"closed","sticky":false,"template":"","format":"standard","meta":{"footnotes":""},"categories":[11],"tags":[1441],"class_list":["post-34378","post","type-post","status-publish","format-standard","has-post-thumbnail","hentry","category-hoja-de-haria","tag-la-hoja-municipio-de-haria-1316-3"],"_links":{"self":[{"href":"https:\/\/www.ayuntamientodeharia.com\/haria\/wp-json\/wp\/v2\/posts\/34378","targetHints":{"allow":["GET"]}}],"collection":[{"href":"https:\/\/www.ayuntamientodeharia.com\/haria\/wp-json\/wp\/v2\/posts"}],"about":[{"href":"https:\/\/www.ayuntamientodeharia.com\/haria\/wp-json\/wp\/v2\/types\/post"}],"author":[{"embeddable":true,"href":"https:\/\/www.ayuntamientodeharia.com\/haria\/wp-json\/wp\/v2\/users\/13"}],"replies":[{"embeddable":true,"href":"https:\/\/www.ayuntamientodeharia.com\/haria\/wp-json\/wp\/v2\/comments?post=34378"}],"version-history":[{"count":1,"href":"https:\/\/www.ayuntamientodeharia.com\/haria\/wp-json\/wp\/v2\/posts\/34378\/revisions"}],"predecessor-version":[{"id":34380,"href":"https:\/\/www.ayuntamientodeharia.com\/haria\/wp-json\/wp\/v2\/posts\/34378\/revisions\/34380"}],"wp:featuredmedia":[{"embeddable":true,"href":"https:\/\/www.ayuntamientodeharia.com\/haria\/wp-json\/wp\/v2\/media\/34379"}],"wp:attachment":[{"href":"https:\/\/www.ayuntamientodeharia.com\/haria\/wp-json\/wp\/v2\/media?parent=34378"}],"wp:term":[{"taxonomy":"category","embeddable":true,"href":"https:\/\/www.ayuntamientodeharia.com\/haria\/wp-json\/wp\/v2\/categories?post=34378"},{"taxonomy":"post_tag","embeddable":true,"href":"https:\/\/www.ayuntamientodeharia.com\/haria\/wp-json\/wp\/v2\/tags?post=34378"}],"curies":[{"name":"wp","href":"https:\/\/api.w.org\/{rel}","templated":true}]}}