{"id":34375,"date":"2026-03-09T13:56:08","date_gmt":"2026-03-09T13:56:08","guid":{"rendered":"https:\/\/www.ayuntamientodeharia.com\/haria\/?p=34375"},"modified":"2026-03-09T13:56:08","modified_gmt":"2026-03-09T13:56:08","slug":"disfruta-del-pateus-nocturnus-en-haria-con-la-ruta-fuente-de-gallo","status":"publish","type":"post","link":"https:\/\/www.ayuntamientodeharia.com\/haria\/disfruta-del-pateus-nocturnus-en-haria-con-la-ruta-fuente-de-gallo\/","title":{"rendered":"Disfruta del Pateus Nocturnus en Har\u00eda con la Ruta Fuente de Gallo"},"content":{"rendered":"<p><span style=\"font-weight: 400;\">El Punto Joven, Departamento de Juventud del Ayuntamiento de Har\u00eda, organiza un Pateus Nocturnus con la Ruta Fuente de Gallo el pr\u00f3ximo viernes, 13 de marzo. El recorrido nocturno ser\u00e1 circular\u00a0 por la zona del Rinc\u00f3n de Guinate y la salida ser\u00e1 a las 17:30 horas desde la Ermita de Nuestra Se\u00f1ora de Lourdes en Guinate.<\/span><\/p>\n<p><span style=\"font-weight: 400;\">La ruta tiene un nivel de dificultad f\u00e1cil, ideal para personas activas y acostumbradas a caminar que quieran disfrutar de los paisajes y rincones naturales del municipio. Su duraci\u00f3n aproximada es de 2 horas.<\/span><\/p>\n<p><span style=\"font-weight: 400;\">Se recomienda llevar agua, ropa y calzado c\u00f3modos, gorra y protecci\u00f3n solar, as\u00ed como algo para picar. Los menores de 12 a\u00f1os deber\u00e1n asistir acompa\u00f1ados por un adulto.<\/span><\/p>\n<p><span style=\"font-weight: 400;\">Las inscripciones se realizar\u00e1n por WhatsApp al 646 032 160. Las plazas son limitadas y se cubrir\u00e1n por orden de inscripci\u00f3n. Para m\u00e1s informaci\u00f3n, pueden contactar en los tel\u00e9fonos 928 835 009 (ext. 6) o 637 893 535, por correo electr\u00f3nico en juventud@ayuntamientodeharia.com o consultar la Agenda en la web juventudharia.es.<\/span><\/p>\n","protected":false},"excerpt":{"rendered":"<p>El Punto Joven, Departamento de Juventud del Ayuntamiento de Har\u00eda, organiza un Pateus Nocturnus con la Ruta Fuente de Gallo el pr\u00f3ximo viernes, 13 de marzo. El recorrido nocturno ser\u00e1 circular\u00a0 por la zona del Rinc\u00f3n de Guinate y la salida ser\u00e1 a las 17:30 horas desde la Ermita de Nuestra Se\u00f1ora de Lourdes en [&hellip;]<\/p>\n","protected":false},"author":13,"featured_media":34376,"comment_status":"closed","ping_status":"closed","sticky":false,"template":"","format":"standard","meta":{"footnotes":""},"categories":[11],"tags":[1441],"class_list":["post-34375","post","type-post","status-publish","format-standard","has-post-thumbnail","hentry","category-hoja-de-haria","tag-la-hoja-municipio-de-haria-1316-3"],"_links":{"self":[{"href":"https:\/\/www.ayuntamientodeharia.com\/haria\/wp-json\/wp\/v2\/posts\/34375","targetHints":{"allow":["GET"]}}],"collection":[{"href":"https:\/\/www.ayuntamientodeharia.com\/haria\/wp-json\/wp\/v2\/posts"}],"about":[{"href":"https:\/\/www.ayuntamientodeharia.com\/haria\/wp-json\/wp\/v2\/types\/post"}],"author":[{"embeddable":true,"href":"https:\/\/www.ayuntamientodeharia.com\/haria\/wp-json\/wp\/v2\/users\/13"}],"replies":[{"embeddable":true,"href":"https:\/\/www.ayuntamientodeharia.com\/haria\/wp-json\/wp\/v2\/comments?post=34375"}],"version-history":[{"count":1,"href":"https:\/\/www.ayuntamientodeharia.com\/haria\/wp-json\/wp\/v2\/posts\/34375\/revisions"}],"predecessor-version":[{"id":34377,"href":"https:\/\/www.ayuntamientodeharia.com\/haria\/wp-json\/wp\/v2\/posts\/34375\/revisions\/34377"}],"wp:featuredmedia":[{"embeddable":true,"href":"https:\/\/www.ayuntamientodeharia.com\/haria\/wp-json\/wp\/v2\/media\/34376"}],"wp:attachment":[{"href":"https:\/\/www.ayuntamientodeharia.com\/haria\/wp-json\/wp\/v2\/media?parent=34375"}],"wp:term":[{"taxonomy":"category","embeddable":true,"href":"https:\/\/www.ayuntamientodeharia.com\/haria\/wp-json\/wp\/v2\/categories?post=34375"},{"taxonomy":"post_tag","embeddable":true,"href":"https:\/\/www.ayuntamientodeharia.com\/haria\/wp-json\/wp\/v2\/tags?post=34375"}],"curies":[{"name":"wp","href":"https:\/\/api.w.org\/{rel}","templated":true}]}}