{"id":33133,"date":"2025-10-17T15:39:06","date_gmt":"2025-10-17T14:39:06","guid":{"rendered":"https:\/\/www.ayuntamientodeharia.com\/haria\/?p=33133"},"modified":"2025-10-17T15:39:06","modified_gmt":"2025-10-17T14:39:06","slug":"el-punto-joven-y-el-ies-haria-viajan-a-la-palma-con-el-proyecto-descubre-la-palma-2025","status":"publish","type":"post","link":"https:\/\/www.ayuntamientodeharia.com\/haria\/el-punto-joven-y-el-ies-haria-viajan-a-la-palma-con-el-proyecto-descubre-la-palma-2025\/","title":{"rendered":"El Punto Joven y el IES Har\u00eda viajan a La Palma con el proyecto \u201cDescubre La Palma 2025\u201d"},"content":{"rendered":"<p><span style=\"font-weight: 400;\">La Concejal\u00eda de Juventud del Ayuntamiento de Har\u00eda y el IES Har\u00eda ponen en marcha una nueva edici\u00f3n del proyecto \u201cDescubre La Palma 2025\u201d, una iniciativa educativa y de convivencia que este a\u00f1o celebra su sexta edici\u00f3n.<\/span><\/p>\n<p><span style=\"font-weight: 400;\">El proyecto se desarrollar\u00e1 los d\u00edas 21, 22, 23 y 24 de octubre en la isla de La Palma, teniendo como centro de actividades el Campamento El Riachuelo, situado en el municipio de El Paso y gestionado por el Parque Nacional de la Caldera de Taburiente.<\/span><\/p>\n<p><span style=\"font-weight: 400;\">Durante estos cuatro d\u00edas, el alumnado de 2\u00ba de la ESO del IES Har\u00eda disfrutar\u00e1 de una experiencia de convivencia en la que se combinar\u00e1n deportes, cultura, etnograf\u00eda, naturaleza, paisaje y amistad, en un entorno educativo fuera del aula.<\/span><\/p>\n","protected":false},"excerpt":{"rendered":"<p>La Concejal\u00eda de Juventud del Ayuntamiento de Har\u00eda y el IES Har\u00eda ponen en marcha una nueva edici\u00f3n del proyecto \u201cDescubre La Palma 2025\u201d, una iniciativa educativa y de convivencia que este a\u00f1o celebra su sexta edici\u00f3n. El proyecto se desarrollar\u00e1 los d\u00edas 21, 22, 23 y 24 de octubre en la isla de La [&hellip;]<\/p>\n","protected":false},"author":13,"featured_media":33134,"comment_status":"closed","ping_status":"closed","sticky":false,"template":"","format":"standard","meta":{"footnotes":""},"categories":[11],"tags":[],"class_list":["post-33133","post","type-post","status-publish","format-standard","has-post-thumbnail","hentry","category-hoja-de-haria"],"_links":{"self":[{"href":"https:\/\/www.ayuntamientodeharia.com\/haria\/wp-json\/wp\/v2\/posts\/33133","targetHints":{"allow":["GET"]}}],"collection":[{"href":"https:\/\/www.ayuntamientodeharia.com\/haria\/wp-json\/wp\/v2\/posts"}],"about":[{"href":"https:\/\/www.ayuntamientodeharia.com\/haria\/wp-json\/wp\/v2\/types\/post"}],"author":[{"embeddable":true,"href":"https:\/\/www.ayuntamientodeharia.com\/haria\/wp-json\/wp\/v2\/users\/13"}],"replies":[{"embeddable":true,"href":"https:\/\/www.ayuntamientodeharia.com\/haria\/wp-json\/wp\/v2\/comments?post=33133"}],"version-history":[{"count":1,"href":"https:\/\/www.ayuntamientodeharia.com\/haria\/wp-json\/wp\/v2\/posts\/33133\/revisions"}],"predecessor-version":[{"id":33135,"href":"https:\/\/www.ayuntamientodeharia.com\/haria\/wp-json\/wp\/v2\/posts\/33133\/revisions\/33135"}],"wp:featuredmedia":[{"embeddable":true,"href":"https:\/\/www.ayuntamientodeharia.com\/haria\/wp-json\/wp\/v2\/media\/33134"}],"wp:attachment":[{"href":"https:\/\/www.ayuntamientodeharia.com\/haria\/wp-json\/wp\/v2\/media?parent=33133"}],"wp:term":[{"taxonomy":"category","embeddable":true,"href":"https:\/\/www.ayuntamientodeharia.com\/haria\/wp-json\/wp\/v2\/categories?post=33133"},{"taxonomy":"post_tag","embeddable":true,"href":"https:\/\/www.ayuntamientodeharia.com\/haria\/wp-json\/wp\/v2\/tags?post=33133"}],"curies":[{"name":"wp","href":"https:\/\/api.w.org\/{rel}","templated":true}]}}