{"id":33131,"date":"2025-10-17T15:38:07","date_gmt":"2025-10-17T14:38:07","guid":{"rendered":"https:\/\/www.ayuntamientodeharia.com\/haria\/?p=33131"},"modified":"2025-10-17T15:38:07","modified_gmt":"2025-10-17T14:38:07","slug":"haria-celebra-el-31-de-octubre-una-nueva-cita-con-la-cultura-a-pie-de-campo-dedicada-al-dia-de-finaos","status":"publish","type":"post","link":"https:\/\/www.ayuntamientodeharia.com\/haria\/haria-celebra-el-31-de-octubre-una-nueva-cita-con-la-cultura-a-pie-de-campo-dedicada-al-dia-de-finaos\/","title":{"rendered":"Har\u00eda celebra el 31 de octubre una nueva cita con la \u201cCultura a pie de campo\u201d, dedicada al D\u00eda de Finaos"},"content":{"rendered":"<p><span style=\"font-weight: 400;\">El Ayuntamiento de Har\u00eda, a trav\u00e9s del \u00e1rea de Cultura, invita a la ciudadan\u00eda a participar en una nueva jornada del programa \u201cCultura a pie de campo\u201d, que se celebrar\u00e1 el jueves 31 de octubre, a las 18:30 horas, en el Aljibe de Har\u00eda.<\/span><\/p>\n<p><span style=\"font-weight: 400;\">La jornada comenzar\u00e1 a las 18:30 horas con la ruta cultural \u201cEl agua y el valle de las mil palmeras\u201d, un recorrido por el pueblo de Har\u00eda para conocer la cultura del agua como fuente de vida y eje del paisaje agr\u00edcola del valle. A las 19:30 horas tendr\u00e1 lugar la sesi\u00f3n de narraci\u00f3n oral \u201cHistorias y leyendas de los Finaos\u201d, con relatos tradicionales que evocan el misterio de la muerte y la conexi\u00f3n con la memoria de quienes precedieron.<\/span><\/p>\n<p><span style=\"font-weight: 400;\">La programaci\u00f3n continuar\u00e1 a las 20:00 horas con la actuaci\u00f3n del Grupo \u00c1nimas, que ofrecer\u00e1 una representaci\u00f3n de cantos de ranchos, recuperando los sonidos propios de las celebraciones antiguas de los Finaos y la comuni\u00f3n entre vida, muerte y tierra. A las 20:30 horas, se realizar\u00e1 una degustaci\u00f3n gastron\u00f3mica \u201cSabores del Valle y de los Finaos\u201d, en la que el p\u00fablico podr\u00e1 disfrutar de productos tradicionales del municipio.<\/span><\/p>\n<p><span style=\"font-weight: 400;\">Toda la informaci\u00f3n sobre el programa y las entradas est\u00e1 disponible en la web culturedharia.com<\/span><\/p>\n","protected":false},"excerpt":{"rendered":"<p>El Ayuntamiento de Har\u00eda, a trav\u00e9s del \u00e1rea de Cultura, invita a la ciudadan\u00eda a participar en una nueva jornada del programa \u201cCultura a pie de campo\u201d, que se celebrar\u00e1 el jueves 31 de octubre, a las 18:30 horas, en el Aljibe de Har\u00eda. La jornada comenzar\u00e1 a las 18:30 horas con la ruta cultural [&hellip;]<\/p>\n","protected":false},"author":13,"featured_media":0,"comment_status":"closed","ping_status":"closed","sticky":false,"template":"","format":"standard","meta":{"footnotes":""},"categories":[11],"tags":[],"class_list":["post-33131","post","type-post","status-publish","format-standard","hentry","category-hoja-de-haria"],"_links":{"self":[{"href":"https:\/\/www.ayuntamientodeharia.com\/haria\/wp-json\/wp\/v2\/posts\/33131","targetHints":{"allow":["GET"]}}],"collection":[{"href":"https:\/\/www.ayuntamientodeharia.com\/haria\/wp-json\/wp\/v2\/posts"}],"about":[{"href":"https:\/\/www.ayuntamientodeharia.com\/haria\/wp-json\/wp\/v2\/types\/post"}],"author":[{"embeddable":true,"href":"https:\/\/www.ayuntamientodeharia.com\/haria\/wp-json\/wp\/v2\/users\/13"}],"replies":[{"embeddable":true,"href":"https:\/\/www.ayuntamientodeharia.com\/haria\/wp-json\/wp\/v2\/comments?post=33131"}],"version-history":[{"count":1,"href":"https:\/\/www.ayuntamientodeharia.com\/haria\/wp-json\/wp\/v2\/posts\/33131\/revisions"}],"predecessor-version":[{"id":33132,"href":"https:\/\/www.ayuntamientodeharia.com\/haria\/wp-json\/wp\/v2\/posts\/33131\/revisions\/33132"}],"wp:attachment":[{"href":"https:\/\/www.ayuntamientodeharia.com\/haria\/wp-json\/wp\/v2\/media?parent=33131"}],"wp:term":[{"taxonomy":"category","embeddable":true,"href":"https:\/\/www.ayuntamientodeharia.com\/haria\/wp-json\/wp\/v2\/categories?post=33131"},{"taxonomy":"post_tag","embeddable":true,"href":"https:\/\/www.ayuntamientodeharia.com\/haria\/wp-json\/wp\/v2\/tags?post=33131"}],"curies":[{"name":"wp","href":"https:\/\/api.w.org\/{rel}","templated":true}]}}