{"id":33123,"date":"2025-10-17T15:35:34","date_gmt":"2025-10-17T14:35:34","guid":{"rendered":"https:\/\/www.ayuntamientodeharia.com\/haria\/?p=33123"},"modified":"2025-10-17T15:35:34","modified_gmt":"2025-10-17T14:35:34","slug":"el-centro-sociocultural-la-tegala-acoge-un-taller-de-ceramica-tradicional-canaria-en-familia","status":"publish","type":"post","link":"https:\/\/www.ayuntamientodeharia.com\/haria\/el-centro-sociocultural-la-tegala-acoge-un-taller-de-ceramica-tradicional-canaria-en-familia\/","title":{"rendered":"El Centro Sociocultural La Tegala acoge un taller de cer\u00e1mica tradicional canaria en familia"},"content":{"rendered":"<p><span style=\"font-weight: 400;\">El Ayuntamiento de Har\u00eda y la Asociaci\u00f3n Viv Har\u00eda organizan un taller de cer\u00e1mica tradicional canaria en familia, impartido por los artesanos Aquilino e Hirahi Rodr\u00edguez, en el Centro Sociocultural La Tegala.\u00a0<\/span><\/p>\n<p><span style=\"font-weight: 400;\">La actividad se llevar\u00e1 a cabo el pr\u00f3ximo viernes, 24 de octubre, a las 17:00 horas. Adem\u00e1s, est\u00e1 dirigida a los residentes en el municipio e incluye una merienda al finalizar. Los menores a partir de 3 a\u00f1os deber\u00e1n ir acompa\u00f1ados por un adulto.<\/span><\/p>\n<p><span style=\"font-weight: 400;\">Las personas interesadas en participar deber\u00e1n inscribirse a trav\u00e9s del correo electr\u00f3nico <\/span><a href=\"mailto:asociacionvivharia@gmail.com\"><span style=\"font-weight: 400;\">asociacionvivharia@gmail.com<\/span><\/a><span style=\"font-weight: 400;\">.<\/span><\/p>\n","protected":false},"excerpt":{"rendered":"<p>El Ayuntamiento de Har\u00eda y la Asociaci\u00f3n Viv Har\u00eda organizan un taller de cer\u00e1mica tradicional canaria en familia, impartido por los artesanos Aquilino e Hirahi Rodr\u00edguez, en el Centro Sociocultural La Tegala.\u00a0 La actividad se llevar\u00e1 a cabo el pr\u00f3ximo viernes, 24 de octubre, a las 17:00 horas. Adem\u00e1s, est\u00e1 dirigida a los residentes en [&hellip;]<\/p>\n","protected":false},"author":13,"featured_media":33125,"comment_status":"closed","ping_status":"closed","sticky":false,"template":"","format":"standard","meta":{"footnotes":""},"categories":[11],"tags":[],"class_list":["post-33123","post","type-post","status-publish","format-standard","has-post-thumbnail","hentry","category-hoja-de-haria"],"_links":{"self":[{"href":"https:\/\/www.ayuntamientodeharia.com\/haria\/wp-json\/wp\/v2\/posts\/33123","targetHints":{"allow":["GET"]}}],"collection":[{"href":"https:\/\/www.ayuntamientodeharia.com\/haria\/wp-json\/wp\/v2\/posts"}],"about":[{"href":"https:\/\/www.ayuntamientodeharia.com\/haria\/wp-json\/wp\/v2\/types\/post"}],"author":[{"embeddable":true,"href":"https:\/\/www.ayuntamientodeharia.com\/haria\/wp-json\/wp\/v2\/users\/13"}],"replies":[{"embeddable":true,"href":"https:\/\/www.ayuntamientodeharia.com\/haria\/wp-json\/wp\/v2\/comments?post=33123"}],"version-history":[{"count":1,"href":"https:\/\/www.ayuntamientodeharia.com\/haria\/wp-json\/wp\/v2\/posts\/33123\/revisions"}],"predecessor-version":[{"id":33126,"href":"https:\/\/www.ayuntamientodeharia.com\/haria\/wp-json\/wp\/v2\/posts\/33123\/revisions\/33126"}],"wp:featuredmedia":[{"embeddable":true,"href":"https:\/\/www.ayuntamientodeharia.com\/haria\/wp-json\/wp\/v2\/media\/33125"}],"wp:attachment":[{"href":"https:\/\/www.ayuntamientodeharia.com\/haria\/wp-json\/wp\/v2\/media?parent=33123"}],"wp:term":[{"taxonomy":"category","embeddable":true,"href":"https:\/\/www.ayuntamientodeharia.com\/haria\/wp-json\/wp\/v2\/categories?post=33123"},{"taxonomy":"post_tag","embeddable":true,"href":"https:\/\/www.ayuntamientodeharia.com\/haria\/wp-json\/wp\/v2\/tags?post=33123"}],"curies":[{"name":"wp","href":"https:\/\/api.w.org\/{rel}","templated":true}]}}