{"id":33120,"date":"2025-10-17T15:34:07","date_gmt":"2025-10-17T14:34:07","guid":{"rendered":"https:\/\/www.ayuntamientodeharia.com\/haria\/?p=33120"},"modified":"2025-10-17T15:34:07","modified_gmt":"2025-10-17T14:34:07","slug":"la-sala-aljibe-acoge-un-taller-de-velas-impartido-por-iranti","status":"publish","type":"post","link":"https:\/\/www.ayuntamientodeharia.com\/haria\/la-sala-aljibe-acoge-un-taller-de-velas-impartido-por-iranti\/","title":{"rendered":"La Sala Aljibe acoge un taller de velas impartido por Iranti"},"content":{"rendered":"<p><span style=\"font-weight: 400;\">El Ayuntamiento de Har\u00eda, en colaboraci\u00f3n con el Cabildo de Lanzarote, organiza un taller de velas, impartido por Iranti. La actividad se llevar\u00e1 a cabo el pr\u00f3ximo martes, 21 de octubre, a las 18:00 horas, en la Sala Aljibe.<\/span><\/p>\n<p><span style=\"font-weight: 400;\">Las personas interesadas en participar deber\u00e1n inscribirse desde este lunes, 20 de octubre, a las 8:00 horas. No dejes pasar esta gran oportunidad de aprendizaje y participa, son plazas limitadas.\u00a0<\/span><\/p>\n","protected":false},"excerpt":{"rendered":"<p>El Ayuntamiento de Har\u00eda, en colaboraci\u00f3n con el Cabildo de Lanzarote, organiza un taller de velas, impartido por Iranti. La actividad se llevar\u00e1 a cabo el pr\u00f3ximo martes, 21 de octubre, a las 18:00 horas, en la Sala Aljibe. Las personas interesadas en participar deber\u00e1n inscribirse desde este lunes, 20 de octubre, a las 8:00 [&hellip;]<\/p>\n","protected":false},"author":13,"featured_media":33121,"comment_status":"closed","ping_status":"closed","sticky":false,"template":"","format":"standard","meta":{"footnotes":""},"categories":[11],"tags":[],"class_list":["post-33120","post","type-post","status-publish","format-standard","has-post-thumbnail","hentry","category-hoja-de-haria"],"_links":{"self":[{"href":"https:\/\/www.ayuntamientodeharia.com\/haria\/wp-json\/wp\/v2\/posts\/33120","targetHints":{"allow":["GET"]}}],"collection":[{"href":"https:\/\/www.ayuntamientodeharia.com\/haria\/wp-json\/wp\/v2\/posts"}],"about":[{"href":"https:\/\/www.ayuntamientodeharia.com\/haria\/wp-json\/wp\/v2\/types\/post"}],"author":[{"embeddable":true,"href":"https:\/\/www.ayuntamientodeharia.com\/haria\/wp-json\/wp\/v2\/users\/13"}],"replies":[{"embeddable":true,"href":"https:\/\/www.ayuntamientodeharia.com\/haria\/wp-json\/wp\/v2\/comments?post=33120"}],"version-history":[{"count":1,"href":"https:\/\/www.ayuntamientodeharia.com\/haria\/wp-json\/wp\/v2\/posts\/33120\/revisions"}],"predecessor-version":[{"id":33122,"href":"https:\/\/www.ayuntamientodeharia.com\/haria\/wp-json\/wp\/v2\/posts\/33120\/revisions\/33122"}],"wp:featuredmedia":[{"embeddable":true,"href":"https:\/\/www.ayuntamientodeharia.com\/haria\/wp-json\/wp\/v2\/media\/33121"}],"wp:attachment":[{"href":"https:\/\/www.ayuntamientodeharia.com\/haria\/wp-json\/wp\/v2\/media?parent=33120"}],"wp:term":[{"taxonomy":"category","embeddable":true,"href":"https:\/\/www.ayuntamientodeharia.com\/haria\/wp-json\/wp\/v2\/categories?post=33120"},{"taxonomy":"post_tag","embeddable":true,"href":"https:\/\/www.ayuntamientodeharia.com\/haria\/wp-json\/wp\/v2\/tags?post=33120"}],"curies":[{"name":"wp","href":"https:\/\/api.w.org\/{rel}","templated":true}]}}