{"id":33117,"date":"2025-10-17T15:01:37","date_gmt":"2025-10-17T14:01:37","guid":{"rendered":"https:\/\/www.ayuntamientodeharia.com\/haria\/?p=33117"},"modified":"2025-10-17T15:01:37","modified_gmt":"2025-10-17T14:01:37","slug":"el-ayuntamiento-de-haria-felicita-a-oscar-millan-torres-perdomo-por-su-trayectoria","status":"publish","type":"post","link":"https:\/\/www.ayuntamientodeharia.com\/haria\/el-ayuntamiento-de-haria-felicita-a-oscar-millan-torres-perdomo-por-su-trayectoria\/","title":{"rendered":"El Ayuntamiento de Har\u00eda felicita a \u00d3scar Mill\u00e1n Torres Perdomo por su trayectoria"},"content":{"rendered":"<p><span style=\"font-weight: 400;\">El Ayuntamiento de Har\u00eda felicita a don \u00d3scar Mill\u00e1n Torres Perdomo por el merecido reconocimiento recibido con la colocaci\u00f3n de una placa con su nombre en una plazoleta del barrio de Argana Baja, en Arrecife, como homenaje a su trayectoria profesional y a su destacada labor en la preservaci\u00f3n y difusi\u00f3n de la historia y la cultura de Lanzarote.<\/span><\/p>\n<p><span style=\"font-weight: 400;\">El Consistorio expresa su orgullo por este nuevo reconocimiento a quien ha contribuido de forma desinteresada a la recuperaci\u00f3n de la memoria colectiva insular y al fortalecimiento de las se\u00f1as de identidad de nuestro patrimonio cultural.<\/span><\/p>\n","protected":false},"excerpt":{"rendered":"<p>El Ayuntamiento de Har\u00eda felicita a don \u00d3scar Mill\u00e1n Torres Perdomo por el merecido reconocimiento recibido con la colocaci\u00f3n de una placa con su nombre en una plazoleta del barrio de Argana Baja, en Arrecife, como homenaje a su trayectoria profesional y a su destacada labor en la preservaci\u00f3n y difusi\u00f3n de la historia y [&hellip;]<\/p>\n","protected":false},"author":13,"featured_media":33118,"comment_status":"closed","ping_status":"closed","sticky":false,"template":"","format":"standard","meta":{"footnotes":""},"categories":[11],"tags":[],"class_list":["post-33117","post","type-post","status-publish","format-standard","has-post-thumbnail","hentry","category-hoja-de-haria"],"_links":{"self":[{"href":"https:\/\/www.ayuntamientodeharia.com\/haria\/wp-json\/wp\/v2\/posts\/33117","targetHints":{"allow":["GET"]}}],"collection":[{"href":"https:\/\/www.ayuntamientodeharia.com\/haria\/wp-json\/wp\/v2\/posts"}],"about":[{"href":"https:\/\/www.ayuntamientodeharia.com\/haria\/wp-json\/wp\/v2\/types\/post"}],"author":[{"embeddable":true,"href":"https:\/\/www.ayuntamientodeharia.com\/haria\/wp-json\/wp\/v2\/users\/13"}],"replies":[{"embeddable":true,"href":"https:\/\/www.ayuntamientodeharia.com\/haria\/wp-json\/wp\/v2\/comments?post=33117"}],"version-history":[{"count":1,"href":"https:\/\/www.ayuntamientodeharia.com\/haria\/wp-json\/wp\/v2\/posts\/33117\/revisions"}],"predecessor-version":[{"id":33119,"href":"https:\/\/www.ayuntamientodeharia.com\/haria\/wp-json\/wp\/v2\/posts\/33117\/revisions\/33119"}],"wp:featuredmedia":[{"embeddable":true,"href":"https:\/\/www.ayuntamientodeharia.com\/haria\/wp-json\/wp\/v2\/media\/33118"}],"wp:attachment":[{"href":"https:\/\/www.ayuntamientodeharia.com\/haria\/wp-json\/wp\/v2\/media?parent=33117"}],"wp:term":[{"taxonomy":"category","embeddable":true,"href":"https:\/\/www.ayuntamientodeharia.com\/haria\/wp-json\/wp\/v2\/categories?post=33117"},{"taxonomy":"post_tag","embeddable":true,"href":"https:\/\/www.ayuntamientodeharia.com\/haria\/wp-json\/wp\/v2\/tags?post=33117"}],"curies":[{"name":"wp","href":"https:\/\/api.w.org\/{rel}","templated":true}]}}