{"id":33115,"date":"2025-10-17T14:59:15","date_gmt":"2025-10-17T13:59:15","guid":{"rendered":"https:\/\/www.ayuntamientodeharia.com\/haria\/?p=33115"},"modified":"2025-10-17T14:59:15","modified_gmt":"2025-10-17T13:59:15","slug":"el-ayuntamiento-informa-del-cierre-de-la-carretera-que-une-tabayesco-con-los-valles-por-el-ix-rallye-villa-de-teguise","status":"publish","type":"post","link":"https:\/\/www.ayuntamientodeharia.com\/haria\/el-ayuntamiento-informa-del-cierre-de-la-carretera-que-une-tabayesco-con-los-valles-por-el-ix-rallye-villa-de-teguise\/","title":{"rendered":"El Ayuntamiento informa del cierre de la carretera que une Tabayesco con Los Valles por el IX Rallye Villa de Teguise"},"content":{"rendered":"<p><span style=\"font-weight: 400;\">El Ayuntamiento de Har\u00eda informa a la ciudadan\u00eda de que este s\u00e1bado, 18 de octubre, se proceder\u00e1 al cierre de la circulaci\u00f3n de la carretera que une el pueblo de Tabayesco con Los Valles debido a la realizaci\u00f3n del XI Rallye Villa de Teguise, que engloba el Campeonato BP de Rallies en asfalto de Las Palmas y el Campeonato insular de automovilismo de Lanzarote.<\/span><\/p>\n<p><span style=\"font-weight: 400;\">El cierre permanecer\u00e1 vigente desde las 15:35 a las 17:35 horas, una vez finalizado el recorrido para garantizar la seguridad de las personas participantes y de la ciudadan\u00eda.\u00a0<\/span><\/p>\n<p><span style=\"font-weight: 400;\">Desde el Consistorio pedimos disculpas a la ciudadan\u00eda por las posibles molestias que puedan ocasionar este corte, as\u00ed como precauci\u00f3n y respeto por la se\u00f1al\u00e9tica provisional.<\/span><\/p>\n<p>&nbsp;<\/p>\n","protected":false},"excerpt":{"rendered":"<p>El Ayuntamiento de Har\u00eda informa a la ciudadan\u00eda de que este s\u00e1bado, 18 de octubre, se proceder\u00e1 al cierre de la circulaci\u00f3n de la carretera que une el pueblo de Tabayesco con Los Valles debido a la realizaci\u00f3n del XI Rallye Villa de Teguise, que engloba el Campeonato BP de Rallies en asfalto de Las [&hellip;]<\/p>\n","protected":false},"author":13,"featured_media":0,"comment_status":"closed","ping_status":"closed","sticky":false,"template":"","format":"standard","meta":{"footnotes":""},"categories":[11],"tags":[],"class_list":["post-33115","post","type-post","status-publish","format-standard","hentry","category-hoja-de-haria"],"_links":{"self":[{"href":"https:\/\/www.ayuntamientodeharia.com\/haria\/wp-json\/wp\/v2\/posts\/33115","targetHints":{"allow":["GET"]}}],"collection":[{"href":"https:\/\/www.ayuntamientodeharia.com\/haria\/wp-json\/wp\/v2\/posts"}],"about":[{"href":"https:\/\/www.ayuntamientodeharia.com\/haria\/wp-json\/wp\/v2\/types\/post"}],"author":[{"embeddable":true,"href":"https:\/\/www.ayuntamientodeharia.com\/haria\/wp-json\/wp\/v2\/users\/13"}],"replies":[{"embeddable":true,"href":"https:\/\/www.ayuntamientodeharia.com\/haria\/wp-json\/wp\/v2\/comments?post=33115"}],"version-history":[{"count":1,"href":"https:\/\/www.ayuntamientodeharia.com\/haria\/wp-json\/wp\/v2\/posts\/33115\/revisions"}],"predecessor-version":[{"id":33116,"href":"https:\/\/www.ayuntamientodeharia.com\/haria\/wp-json\/wp\/v2\/posts\/33115\/revisions\/33116"}],"wp:attachment":[{"href":"https:\/\/www.ayuntamientodeharia.com\/haria\/wp-json\/wp\/v2\/media?parent=33115"}],"wp:term":[{"taxonomy":"category","embeddable":true,"href":"https:\/\/www.ayuntamientodeharia.com\/haria\/wp-json\/wp\/v2\/categories?post=33115"},{"taxonomy":"post_tag","embeddable":true,"href":"https:\/\/www.ayuntamientodeharia.com\/haria\/wp-json\/wp\/v2\/tags?post=33115"}],"curies":[{"name":"wp","href":"https:\/\/api.w.org\/{rel}","templated":true}]}}