{"id":33112,"date":"2025-10-17T14:57:47","date_gmt":"2025-10-17T13:57:47","guid":{"rendered":"https:\/\/www.ayuntamientodeharia.com\/haria\/?p=33112"},"modified":"2025-10-17T14:57:47","modified_gmt":"2025-10-17T13:57:47","slug":"se-impartira-un-taller-de-elaboracion-y-degustacion-del-gofio-en-el-mercado-artesanal","status":"publish","type":"post","link":"https:\/\/www.ayuntamientodeharia.com\/haria\/se-impartira-un-taller-de-elaboracion-y-degustacion-del-gofio-en-el-mercado-artesanal\/","title":{"rendered":"Se impartir\u00e1 un taller de elaboraci\u00f3n y degustaci\u00f3n del gofio en el mercado artesanal\u00a0"},"content":{"rendered":"<p><span style=\"font-weight: 400;\">El Ayuntamiento de Har\u00eda, en colaboraci\u00f3n con el Cabildo de Lanzarote, organiza un taller de elaboraci\u00f3n y degustaci\u00f3n del gofio, impartido por Los del Gofio Arr\u00e1ez &amp; Morales . La iniciativa se llevar\u00e1 a cabo este s\u00e1bado, 18 de octubre, a las 11:00 horas, en el mercado artesanal.<\/span><\/p>\n","protected":false},"excerpt":{"rendered":"<p>El Ayuntamiento de Har\u00eda, en colaboraci\u00f3n con el Cabildo de Lanzarote, organiza un taller de elaboraci\u00f3n y degustaci\u00f3n del gofio, impartido por Los del Gofio Arr\u00e1ez &amp; Morales . La iniciativa se llevar\u00e1 a cabo este s\u00e1bado, 18 de octubre, a las 11:00 horas, en el mercado artesanal.<\/p>\n","protected":false},"author":13,"featured_media":33113,"comment_status":"closed","ping_status":"closed","sticky":false,"template":"","format":"standard","meta":{"footnotes":""},"categories":[11],"tags":[],"class_list":["post-33112","post","type-post","status-publish","format-standard","has-post-thumbnail","hentry","category-hoja-de-haria"],"_links":{"self":[{"href":"https:\/\/www.ayuntamientodeharia.com\/haria\/wp-json\/wp\/v2\/posts\/33112","targetHints":{"allow":["GET"]}}],"collection":[{"href":"https:\/\/www.ayuntamientodeharia.com\/haria\/wp-json\/wp\/v2\/posts"}],"about":[{"href":"https:\/\/www.ayuntamientodeharia.com\/haria\/wp-json\/wp\/v2\/types\/post"}],"author":[{"embeddable":true,"href":"https:\/\/www.ayuntamientodeharia.com\/haria\/wp-json\/wp\/v2\/users\/13"}],"replies":[{"embeddable":true,"href":"https:\/\/www.ayuntamientodeharia.com\/haria\/wp-json\/wp\/v2\/comments?post=33112"}],"version-history":[{"count":1,"href":"https:\/\/www.ayuntamientodeharia.com\/haria\/wp-json\/wp\/v2\/posts\/33112\/revisions"}],"predecessor-version":[{"id":33114,"href":"https:\/\/www.ayuntamientodeharia.com\/haria\/wp-json\/wp\/v2\/posts\/33112\/revisions\/33114"}],"wp:featuredmedia":[{"embeddable":true,"href":"https:\/\/www.ayuntamientodeharia.com\/haria\/wp-json\/wp\/v2\/media\/33113"}],"wp:attachment":[{"href":"https:\/\/www.ayuntamientodeharia.com\/haria\/wp-json\/wp\/v2\/media?parent=33112"}],"wp:term":[{"taxonomy":"category","embeddable":true,"href":"https:\/\/www.ayuntamientodeharia.com\/haria\/wp-json\/wp\/v2\/categories?post=33112"},{"taxonomy":"post_tag","embeddable":true,"href":"https:\/\/www.ayuntamientodeharia.com\/haria\/wp-json\/wp\/v2\/tags?post=33112"}],"curies":[{"name":"wp","href":"https:\/\/api.w.org\/{rel}","templated":true}]}}