{"id":33109,"date":"2025-10-17T14:56:19","date_gmt":"2025-10-17T13:56:19","guid":{"rendered":"https:\/\/www.ayuntamientodeharia.com\/haria\/?p=33109"},"modified":"2025-10-17T14:56:19","modified_gmt":"2025-10-17T13:56:19","slug":"yazmina-delgado-impartira-una-charla-con-motivo-del-dia-mundial-del-cancer-de-mama-en-el-centro-sociocultural-punta-mujeres","status":"publish","type":"post","link":"https:\/\/www.ayuntamientodeharia.com\/haria\/yazmina-delgado-impartira-una-charla-con-motivo-del-dia-mundial-del-cancer-de-mama-en-el-centro-sociocultural-punta-mujeres\/","title":{"rendered":"Yazmina Delgado impartir\u00e1 una charla con motivo del D\u00eda Mundial del C\u00e1ncer de Mama en el Centro Sociocultural Punta Mujeres"},"content":{"rendered":"<p><span style=\"font-weight: 400;\">El Ayuntamiento de Har\u00eda, a trav\u00e9s de la Concejal\u00eda de Sanidad y la Asociaci\u00f3n de Vecinos y Vecinas de Punta Mujeres, organiza una charla con la escritora Yazmina Delgado Brito autora del libro \u2018El viaje de Yazmina\u2019, con motivo del D\u00eda Mundial del C\u00e1ncer de Mama, el pr\u00f3ximo 19 de octubre.\u00a0<\/span><\/p>\n<p><span style=\"font-weight: 400;\">La iniciativa se desarrollar\u00e1 en el Centro Sociocultural de la localidad, a las 18:00 horas. Una vez terminado el acto se llevar\u00e1 a cabo un enyesque o picoteo para los asistentes. Desde el Consistorio invitamos a la poblaci\u00f3n a participar en esta actividad en un d\u00eda tan reivindicativo para la mujer.\u00a0<\/span><\/p>\n","protected":false},"excerpt":{"rendered":"<p>El Ayuntamiento de Har\u00eda, a trav\u00e9s de la Concejal\u00eda de Sanidad y la Asociaci\u00f3n de Vecinos y Vecinas de Punta Mujeres, organiza una charla con la escritora Yazmina Delgado Brito autora del libro \u2018El viaje de Yazmina\u2019, con motivo del D\u00eda Mundial del C\u00e1ncer de Mama, el pr\u00f3ximo 19 de octubre.\u00a0 La iniciativa se desarrollar\u00e1 [&hellip;]<\/p>\n","protected":false},"author":13,"featured_media":33110,"comment_status":"closed","ping_status":"closed","sticky":false,"template":"","format":"standard","meta":{"footnotes":""},"categories":[11],"tags":[],"class_list":["post-33109","post","type-post","status-publish","format-standard","has-post-thumbnail","hentry","category-hoja-de-haria"],"_links":{"self":[{"href":"https:\/\/www.ayuntamientodeharia.com\/haria\/wp-json\/wp\/v2\/posts\/33109","targetHints":{"allow":["GET"]}}],"collection":[{"href":"https:\/\/www.ayuntamientodeharia.com\/haria\/wp-json\/wp\/v2\/posts"}],"about":[{"href":"https:\/\/www.ayuntamientodeharia.com\/haria\/wp-json\/wp\/v2\/types\/post"}],"author":[{"embeddable":true,"href":"https:\/\/www.ayuntamientodeharia.com\/haria\/wp-json\/wp\/v2\/users\/13"}],"replies":[{"embeddable":true,"href":"https:\/\/www.ayuntamientodeharia.com\/haria\/wp-json\/wp\/v2\/comments?post=33109"}],"version-history":[{"count":1,"href":"https:\/\/www.ayuntamientodeharia.com\/haria\/wp-json\/wp\/v2\/posts\/33109\/revisions"}],"predecessor-version":[{"id":33111,"href":"https:\/\/www.ayuntamientodeharia.com\/haria\/wp-json\/wp\/v2\/posts\/33109\/revisions\/33111"}],"wp:featuredmedia":[{"embeddable":true,"href":"https:\/\/www.ayuntamientodeharia.com\/haria\/wp-json\/wp\/v2\/media\/33110"}],"wp:attachment":[{"href":"https:\/\/www.ayuntamientodeharia.com\/haria\/wp-json\/wp\/v2\/media?parent=33109"}],"wp:term":[{"taxonomy":"category","embeddable":true,"href":"https:\/\/www.ayuntamientodeharia.com\/haria\/wp-json\/wp\/v2\/categories?post=33109"},{"taxonomy":"post_tag","embeddable":true,"href":"https:\/\/www.ayuntamientodeharia.com\/haria\/wp-json\/wp\/v2\/tags?post=33109"}],"curies":[{"name":"wp","href":"https:\/\/api.w.org\/{rel}","templated":true}]}}