{"id":33106,"date":"2025-10-17T14:55:11","date_gmt":"2025-10-17T13:55:11","guid":{"rendered":"https:\/\/www.ayuntamientodeharia.com\/haria\/?p=33106"},"modified":"2025-10-17T14:55:11","modified_gmt":"2025-10-17T13:55:11","slug":"informamos-sobre-la-apertura-del-plazo-de-solicitud-para-los-viajes-del-imserso-2025-2026","status":"publish","type":"post","link":"https:\/\/www.ayuntamientodeharia.com\/haria\/informamos-sobre-la-apertura-del-plazo-de-solicitud-para-los-viajes-del-imserso-2025-2026\/","title":{"rendered":"Informamos sobre la apertura del plazo de solicitud para los viajes del IMSERSO 2025\/2026"},"content":{"rendered":"<p><span style=\"font-weight: 400;\">El Ayuntamiento de Har\u00eda, a trav\u00e9s de la Concejal\u00eda de Bienestar Social y Mayores, comunica a las personas mayores del municipio interesadas en participar en los viajes del Programa de Turismo Social del IMSERSO que tendr\u00e1n prioridad para la elecci\u00f3n de destinos las personas acreditadas por el propio Ayuntamiento. Los listados pueden consultarse en la Concejal\u00eda de Bienestar Social y Mayores.<\/span><\/p>\n<p><span style=\"font-weight: 400;\">Las personas acreditadas para viajar con el IMSERSO y empadronadas en el municipio de Har\u00eda podr\u00e1n solicitar su inclusi\u00f3n en las listas de espera de los destinos que les interesen. Para ello deber\u00e1n presentar la solicitud a trav\u00e9s del registro de entrada ubicado en las instalaciones de Bienestar Social, en la calle Encarnaci\u00f3n Rodr\u00edguez, 15 (Har\u00eda), entre los d\u00edas 27 y 31 de octubre, de lunes a viernes, en horario de 09:00 a 13:00 horas.<\/span><\/p>\n<p><span style=\"font-weight: 400;\">El Ayuntamiento de Har\u00eda anima a las personas mayores del municipio a aprovechar esta oportunidad para disfrutar de los viajes organizados dentro del programa de Turismo Social del IMSERSO 2025\/2026, que promueve el envejecimiento activo y la participaci\u00f3n social a trav\u00e9s del ocio y la convivencia.<\/span><\/p>\n<p><span style=\"font-weight: 400;\">Para m\u00e1s informaci\u00f3n, los interesados pueden contactar con el tel\u00e9fono 928 83 56 33 o acudir directamente a las dependencias municipales.<\/span><\/p>\n<table>\n<thead>\n<tr>\n<th>\n<b>DESTINO<\/b><\/th>\n<th>\n<b>N\u00ba DE PLAZAS<\/b><\/th>\n<th><b>FECHA SALIDAS<\/b><\/p>\n<p><b>LAS PALMAS<\/b><\/th>\n<th><b>FECHA LLEGADAS<\/b><\/p>\n<p><b>(LAS PALMAS)<\/b><\/th>\n<th>\n<b>D\u00cdAS<\/b><\/th>\n<th>\n<b>PRECIO<\/b><\/th>\n<th><b>FECHA L\u00cdMITE PAGO<\/b><\/th>\n<\/tr>\n<\/thead>\n<tbody>\n<tr>\n<td><span style=\"font-weight: 400;\">CEUTA<\/span><\/p>\n<p><span style=\"font-weight: 400;\">Hotel OH NICE ULISES 4*<\/span><\/td>\n<td><span style=\"font-weight: 400;\">6<\/span><\/td>\n<td><span style=\"font-weight: 400;\">22\/02\/26<\/span><\/p>\n<p><span style=\"font-weight: 400;\">8.55 HORAS<\/span><\/p>\n<p><span style=\"font-weight: 400;\">IBERIA<\/span><\/td>\n<td><span style=\"font-weight: 400;\">27\/02\/26<\/span><\/p>\n<p><span style=\"font-weight: 400;\">20.20<\/span><\/p>\n<p><span style=\"font-weight: 400;\">IBERIA<\/span><\/td>\n<td><span style=\"font-weight: 400;\">5<\/span><\/td>\n<td><span style=\"font-weight: 400;\">305,75<\/span><\/td>\n<td><span style=\"font-weight: 400;\">22\/12\/25<\/span><\/td>\n<\/tr>\n<tr>\n<td><span style=\"font-weight: 400;\">C\u00c1DIZ<\/span><\/p>\n<p><span style=\"font-weight: 400;\">HOTEL GUADALQUIVIR 4*<\/span><\/td>\n<td><span style=\"font-weight: 400;\">30<\/span><\/td>\n<td><span style=\"font-weight: 400;\">01\/03\/2026<\/span><\/p>\n<p><span style=\"font-weight: 400;\">9.00H<\/span><\/p>\n<p><span style=\"font-weight: 400;\">VUELING<\/span><\/td>\n<td><span style=\"font-weight: 400;\">07\/03\/26<\/span><\/p>\n<p><span style=\"font-weight: 400;\">19.40H<\/span><\/p>\n<p><span style=\"font-weight: 400;\">VUELING<\/span><\/td>\n<td><span style=\"font-weight: 400;\">6<\/span><\/td>\n<td><span style=\"font-weight: 400;\">312,51 \u20ac<\/span><\/td>\n<td><span style=\"font-weight: 400;\"> \u00a0 \u00a0 01\/01\/26<\/span><\/td>\n<\/tr>\n<tr>\n<td><span style=\"font-weight: 400;\">TARRAGONA<\/span><\/p>\n<p><span style=\"font-weight: 400;\">HOTEL SAN FRANCISCO 4*<\/span><\/td>\n<td><span style=\"font-weight: 400;\">30<\/span><\/td>\n<td><span style=\"font-weight: 400;\">17\/04\/2026<\/span><\/p>\n<p><span style=\"font-weight: 400;\">10.05H<\/span><\/p>\n<p><span style=\"font-weight: 400;\">VUELING<\/span><\/td>\n<td><span style=\"font-weight: 400;\">25\/04\/2026<\/span><\/p>\n<p><span style=\"font-weight: 400;\">14.10<\/span><\/p>\n<p><span style=\"font-weight: 400;\">\u00a0VUELING<\/span><\/td>\n<td><span style=\"font-weight: 400;\">8<\/span><\/td>\n<td><span style=\"font-weight: 400;\">244,04 \u20ac<\/span><\/td>\n<td><span style=\"font-weight: 400;\">17\/02\/26<\/span><\/td>\n<\/tr>\n<tr>\n<td><span style=\"font-weight: 400;\">HUELVA<\/span><\/p>\n<p><span style=\"font-weight: 400;\">HOTEL GRAN DEL COTO 4*<\/span><\/td>\n<td><span style=\"font-weight: 400;\">10<\/span><\/td>\n<td><span style=\"font-weight: 400;\">19\/04\/26<\/span><\/p>\n<p><span style=\"font-weight: 400;\">13.05H<\/span><\/p>\n<p><span style=\"font-weight: 400;\">VUELING<\/span><\/td>\n<td><span style=\"font-weight: 400;\">29\/04\/26<\/span><\/p>\n<p><span style=\"font-weight: 400;\">13.45H<\/span><\/p>\n<p><span style=\"font-weight: 400;\">VUELING<\/span><\/td>\n<td><span style=\"font-weight: 400;\">10<\/span><\/td>\n<td><span style=\"font-weight: 400;\">309,22 \u20ac<\/span><\/td>\n<td><span style=\"font-weight: 400;\">19\/02\/26<\/span><\/td>\n<\/tr>\n<tr>\n<td><span style=\"font-weight: 400;\">M\u00c1LAGA<\/span><\/p>\n<p><span style=\"font-weight: 400;\">HOTEL GLOBALES PLAYA ESTEPONA 4*<\/span><\/td>\n<td><span style=\"font-weight: 400;\">30<\/span><\/td>\n<td><span style=\"font-weight: 400;\">27\/04\/26<\/span><\/p>\n<p><span style=\"font-weight: 400;\">15.35H<\/span><\/p>\n<p><span style=\"font-weight: 400;\">VUELING<\/span><\/td>\n<td><span style=\"font-weight: 400;\">05\/05\/26<\/span><\/p>\n<p><span style=\"font-weight: 400;\">19.40H<\/span><\/p>\n<p><span style=\"font-weight: 400;\">VUELING<\/span><\/td>\n<td><span style=\"font-weight: 400;\">8<\/span><\/td>\n<td><span style=\"font-weight: 400;\">244,04\u20ac<\/span><\/td>\n<td><span style=\"font-weight: 400;\">27\/02\/26<\/span><\/td>\n<\/tr>\n<tr>\n<td><span style=\"font-weight: 400;\">TARRAGONA\u00a0<\/span><\/p>\n<p><span style=\"font-weight: 400;\">HOTEL NATURA PARK 4*<\/span><\/td>\n<td><span style=\"font-weight: 400;\">20<\/span><\/td>\n<td><span style=\"font-weight: 400;\">01\/05\/2026<\/span><\/p>\n<p><span style=\"font-weight: 400;\">10.05H<\/span><\/p>\n<p><span style=\"font-weight: 400;\">VUELING<\/span><\/td>\n<td><span style=\"font-weight: 400;\">09\/05\/2026<\/span><\/p>\n<p><span style=\"font-weight: 400;\">14.10H<\/span><\/p>\n<p><span style=\"font-weight: 400;\">VUELING<\/span><\/td>\n<td><span style=\"font-weight: 400;\">8<\/span><\/td>\n<td><span style=\"font-weight: 400;\">344,04<\/span><\/td>\n<td><span style=\"font-weight: 400;\">01\/03\/26<\/span><\/td>\n<\/tr>\n<tr>\n<td><span style=\"font-weight: 400;\">HUELVA<\/span><\/p>\n<p><span style=\"font-weight: 400;\">HOTEL ILUNION ISLANTILLA 4*<\/span><\/td>\n<td><span style=\"font-weight: 400;\">10<\/span><\/td>\n<td><span style=\"font-weight: 400;\">04\/05\/2026<\/span><\/p>\n<p><span style=\"font-weight: 400;\">14.20 H<\/span><\/p>\n<p><span style=\"font-weight: 400;\">VUELING<\/span><\/td>\n<td><span style=\"font-weight: 400;\">9\/05\/2026<\/span><\/p>\n<p><span style=\"font-weight: 400;\">15.30<\/span><\/p>\n<p><span style=\"font-weight: 400;\">VUELING<\/span><\/td>\n<td><span style=\"font-weight: 400;\">5<\/span><\/td>\n<td><span style=\"font-weight: 400;\">405,75<\/span><\/td>\n<td><span style=\"font-weight: 400;\">04\/03\/26<\/span><\/td>\n<\/tr>\n<\/tbody>\n<\/table>\n<p>&nbsp;<\/p>\n","protected":false},"excerpt":{"rendered":"<p>El Ayuntamiento de Har\u00eda, a trav\u00e9s de la Concejal\u00eda de Bienestar Social y Mayores, comunica a las personas mayores del municipio interesadas en participar en los viajes del Programa de Turismo Social del IMSERSO que tendr\u00e1n prioridad para la elecci\u00f3n de destinos las personas acreditadas por el propio Ayuntamiento. Los listados pueden consultarse en la [&hellip;]<\/p>\n","protected":false},"author":13,"featured_media":33107,"comment_status":"closed","ping_status":"closed","sticky":false,"template":"","format":"standard","meta":{"footnotes":""},"categories":[11],"tags":[],"class_list":["post-33106","post","type-post","status-publish","format-standard","has-post-thumbnail","hentry","category-hoja-de-haria"],"_links":{"self":[{"href":"https:\/\/www.ayuntamientodeharia.com\/haria\/wp-json\/wp\/v2\/posts\/33106","targetHints":{"allow":["GET"]}}],"collection":[{"href":"https:\/\/www.ayuntamientodeharia.com\/haria\/wp-json\/wp\/v2\/posts"}],"about":[{"href":"https:\/\/www.ayuntamientodeharia.com\/haria\/wp-json\/wp\/v2\/types\/post"}],"author":[{"embeddable":true,"href":"https:\/\/www.ayuntamientodeharia.com\/haria\/wp-json\/wp\/v2\/users\/13"}],"replies":[{"embeddable":true,"href":"https:\/\/www.ayuntamientodeharia.com\/haria\/wp-json\/wp\/v2\/comments?post=33106"}],"version-history":[{"count":1,"href":"https:\/\/www.ayuntamientodeharia.com\/haria\/wp-json\/wp\/v2\/posts\/33106\/revisions"}],"predecessor-version":[{"id":33108,"href":"https:\/\/www.ayuntamientodeharia.com\/haria\/wp-json\/wp\/v2\/posts\/33106\/revisions\/33108"}],"wp:featuredmedia":[{"embeddable":true,"href":"https:\/\/www.ayuntamientodeharia.com\/haria\/wp-json\/wp\/v2\/media\/33107"}],"wp:attachment":[{"href":"https:\/\/www.ayuntamientodeharia.com\/haria\/wp-json\/wp\/v2\/media?parent=33106"}],"wp:term":[{"taxonomy":"category","embeddable":true,"href":"https:\/\/www.ayuntamientodeharia.com\/haria\/wp-json\/wp\/v2\/categories?post=33106"},{"taxonomy":"post_tag","embeddable":true,"href":"https:\/\/www.ayuntamientodeharia.com\/haria\/wp-json\/wp\/v2\/tags?post=33106"}],"curies":[{"name":"wp","href":"https:\/\/api.w.org\/{rel}","templated":true}]}}