{"id":33103,"date":"2025-10-17T14:45:49","date_gmt":"2025-10-17T13:45:49","guid":{"rendered":"https:\/\/www.ayuntamientodeharia.com\/haria\/?p=33103"},"modified":"2025-10-17T14:45:49","modified_gmt":"2025-10-17T13:45:49","slug":"haria-celebra-el-dia-internacional-de-la-mujer-rural-con-un-homenaje-a-paquita-la-de-la-tienda","status":"publish","type":"post","link":"https:\/\/www.ayuntamientodeharia.com\/haria\/haria-celebra-el-dia-internacional-de-la-mujer-rural-con-un-homenaje-a-paquita-la-de-la-tienda\/","title":{"rendered":"Har\u00eda celebra el D\u00eda Internacional de la Mujer Rural con un homenaje a Paquita, la de la tienda"},"content":{"rendered":"<p><span style=\"font-weight: 400;\">El Ayuntamiento de Har\u00eda, a trav\u00e9s de la Concejal\u00eda de Bienestar Social, realiza un homenaje a Paquita, la de la tienda, con motivo del D\u00eda Internacional de la Mujer Rural, el pasado mi\u00e9rcoles, 15 de octubre.<\/span><\/p>\n<p><span style=\"font-weight: 400;\">Paquita es nieta, hija, hermana, t\u00eda y madre de carteros y presume de ello. La tienda y correos, siempre estuvieron unidos. Desde su juventud, ha trabajado en la tienda, ubicada en el pueblo de M\u00e1guez; primero con su padre y sus hermanos Pedro y Juan Domingo y en la actualidad, con su hijo Vestin. Su hijo mayor, Francisco Javier, sigui\u00f3 la tradici\u00f3n familiar, y trabaja en correos.<\/span><\/p>\n<p><span style=\"font-weight: 400;\">Junto a su padre atend\u00edan en la tienda, mientras que Pedro se encarga de hacer las compras y suministros de mercanc\u00eda, y Juan Domingo del correo. A d\u00eda de hoy, va directamente a \u00d3rzola y desde all\u00ed a la isla hermana, sin tanto sacrificio. Con el pasar de los a\u00f1os, sus hermanos pasan a trabajar en correos y con la jubilaci\u00f3n de su padre, ella asume la responsabilidad total de la tienda, a la que lleva dedicada toda su vida.\u00a0<\/span><\/p>\n<p><span style=\"font-weight: 400;\">Paquita es un ejemplo de que en nuestro municipio se encuentran mujeres valientes, luchadoras y comprometidas con el bienestar de nuestro municipio y con la econom\u00eda y productividad local.\u00a0<\/span><\/p>\n","protected":false},"excerpt":{"rendered":"<p>El Ayuntamiento de Har\u00eda, a trav\u00e9s de la Concejal\u00eda de Bienestar Social, realiza un homenaje a Paquita, la de la tienda, con motivo del D\u00eda Internacional de la Mujer Rural, el pasado mi\u00e9rcoles, 15 de octubre. Paquita es nieta, hija, hermana, t\u00eda y madre de carteros y presume de ello. La tienda y correos, siempre [&hellip;]<\/p>\n","protected":false},"author":13,"featured_media":33104,"comment_status":"closed","ping_status":"closed","sticky":false,"template":"","format":"standard","meta":{"footnotes":""},"categories":[11],"tags":[],"class_list":["post-33103","post","type-post","status-publish","format-standard","has-post-thumbnail","hentry","category-hoja-de-haria"],"_links":{"self":[{"href":"https:\/\/www.ayuntamientodeharia.com\/haria\/wp-json\/wp\/v2\/posts\/33103","targetHints":{"allow":["GET"]}}],"collection":[{"href":"https:\/\/www.ayuntamientodeharia.com\/haria\/wp-json\/wp\/v2\/posts"}],"about":[{"href":"https:\/\/www.ayuntamientodeharia.com\/haria\/wp-json\/wp\/v2\/types\/post"}],"author":[{"embeddable":true,"href":"https:\/\/www.ayuntamientodeharia.com\/haria\/wp-json\/wp\/v2\/users\/13"}],"replies":[{"embeddable":true,"href":"https:\/\/www.ayuntamientodeharia.com\/haria\/wp-json\/wp\/v2\/comments?post=33103"}],"version-history":[{"count":1,"href":"https:\/\/www.ayuntamientodeharia.com\/haria\/wp-json\/wp\/v2\/posts\/33103\/revisions"}],"predecessor-version":[{"id":33105,"href":"https:\/\/www.ayuntamientodeharia.com\/haria\/wp-json\/wp\/v2\/posts\/33103\/revisions\/33105"}],"wp:featuredmedia":[{"embeddable":true,"href":"https:\/\/www.ayuntamientodeharia.com\/haria\/wp-json\/wp\/v2\/media\/33104"}],"wp:attachment":[{"href":"https:\/\/www.ayuntamientodeharia.com\/haria\/wp-json\/wp\/v2\/media?parent=33103"}],"wp:term":[{"taxonomy":"category","embeddable":true,"href":"https:\/\/www.ayuntamientodeharia.com\/haria\/wp-json\/wp\/v2\/categories?post=33103"},{"taxonomy":"post_tag","embeddable":true,"href":"https:\/\/www.ayuntamientodeharia.com\/haria\/wp-json\/wp\/v2\/tags?post=33103"}],"curies":[{"name":"wp","href":"https:\/\/api.w.org\/{rel}","templated":true}]}}