{"id":33099,"date":"2025-10-13T08:17:04","date_gmt":"2025-10-13T07:17:04","guid":{"rendered":"https:\/\/www.ayuntamientodeharia.com\/haria\/?p=33099"},"modified":"2025-10-13T08:17:04","modified_gmt":"2025-10-13T07:17:04","slug":"haria-acoge-el-13o-festival-internacional-de-narracion-oral-palabras-al-vuelo","status":"publish","type":"post","link":"https:\/\/www.ayuntamientodeharia.com\/haria\/haria-acoge-el-13o-festival-internacional-de-narracion-oral-palabras-al-vuelo\/","title":{"rendered":"Har\u00eda acoge el 13\u00ba Festival Internacional de Narraci\u00f3n Oral Palabras al Vuelo"},"content":{"rendered":"<p><span style=\"font-weight: 400;\">La Sala Aljibe acoger\u00e1 este viernes, 10 de octubre, a las 20:00 horas, la 13\u00ba edici\u00f3n del Festival del Cuento Contado de Lanzarote Palabras al Vuelo. Se trata de un encuentro en donde se recitar\u00e1n romanceros canarios para dar \u00e9nfasis en la poes\u00eda y literatura.<\/span><\/p>\n<p><span style=\"font-weight: 400;\">El Ayuntamiento de Har\u00eda invita a la poblaci\u00f3n a disfrutar de este espect\u00e1culo que permite conocer y descubrir aspectos de relevancia en la l\u00edrica, con un tapiz de amores, gestas y leyendas que nos dejan conocer aspectos interesantes de nuestra geograf\u00eda.\u00a0<\/span><\/p>\n<p><span style=\"font-weight: 400;\">Las personas interesadas podr\u00e1n conseguir su entrada escribiendo un mensaje v\u00eda WhatsApp al tel\u00e9fono 637 893 614.<\/span><\/p>\n","protected":false},"excerpt":{"rendered":"<p>La Sala Aljibe acoger\u00e1 este viernes, 10 de octubre, a las 20:00 horas, la 13\u00ba edici\u00f3n del Festival del Cuento Contado de Lanzarote Palabras al Vuelo. Se trata de un encuentro en donde se recitar\u00e1n romanceros canarios para dar \u00e9nfasis en la poes\u00eda y literatura. El Ayuntamiento de Har\u00eda invita a la poblaci\u00f3n a disfrutar [&hellip;]<\/p>\n","protected":false},"author":13,"featured_media":33100,"comment_status":"closed","ping_status":"closed","sticky":false,"template":"","format":"standard","meta":{"footnotes":""},"categories":[11],"tags":[],"class_list":["post-33099","post","type-post","status-publish","format-standard","has-post-thumbnail","hentry","category-hoja-de-haria"],"_links":{"self":[{"href":"https:\/\/www.ayuntamientodeharia.com\/haria\/wp-json\/wp\/v2\/posts\/33099","targetHints":{"allow":["GET"]}}],"collection":[{"href":"https:\/\/www.ayuntamientodeharia.com\/haria\/wp-json\/wp\/v2\/posts"}],"about":[{"href":"https:\/\/www.ayuntamientodeharia.com\/haria\/wp-json\/wp\/v2\/types\/post"}],"author":[{"embeddable":true,"href":"https:\/\/www.ayuntamientodeharia.com\/haria\/wp-json\/wp\/v2\/users\/13"}],"replies":[{"embeddable":true,"href":"https:\/\/www.ayuntamientodeharia.com\/haria\/wp-json\/wp\/v2\/comments?post=33099"}],"version-history":[{"count":1,"href":"https:\/\/www.ayuntamientodeharia.com\/haria\/wp-json\/wp\/v2\/posts\/33099\/revisions"}],"predecessor-version":[{"id":33101,"href":"https:\/\/www.ayuntamientodeharia.com\/haria\/wp-json\/wp\/v2\/posts\/33099\/revisions\/33101"}],"wp:featuredmedia":[{"embeddable":true,"href":"https:\/\/www.ayuntamientodeharia.com\/haria\/wp-json\/wp\/v2\/media\/33100"}],"wp:attachment":[{"href":"https:\/\/www.ayuntamientodeharia.com\/haria\/wp-json\/wp\/v2\/media?parent=33099"}],"wp:term":[{"taxonomy":"category","embeddable":true,"href":"https:\/\/www.ayuntamientodeharia.com\/haria\/wp-json\/wp\/v2\/categories?post=33099"},{"taxonomy":"post_tag","embeddable":true,"href":"https:\/\/www.ayuntamientodeharia.com\/haria\/wp-json\/wp\/v2\/tags?post=33099"}],"curies":[{"name":"wp","href":"https:\/\/api.w.org\/{rel}","templated":true}]}}