{"id":33097,"date":"2025-10-13T08:16:02","date_gmt":"2025-10-13T07:16:02","guid":{"rendered":"https:\/\/www.ayuntamientodeharia.com\/haria\/?p=33097"},"modified":"2025-10-13T08:16:02","modified_gmt":"2025-10-13T07:16:02","slug":"abierta-la-matricula-de-la-escuela-de-musica-de-haria","status":"publish","type":"post","link":"https:\/\/www.ayuntamientodeharia.com\/haria\/abierta-la-matricula-de-la-escuela-de-musica-de-haria\/","title":{"rendered":"Abierta la matr\u00edcula de la Escuela de M\u00fasica de Har\u00eda"},"content":{"rendered":"<p><span style=\"font-weight: 400;\">El Ayuntamiento de Har\u00eda informa de que est\u00e1 abierta la matr\u00edcula para la Escuela de M\u00fasica. Se trata de un proyecto educativo y cultural que contribuye al enriquecimiento musical de la poblaci\u00f3n.\u00a0<\/span><\/p>\n<p><span style=\"font-weight: 400;\">En este nuevo curso se ofrecer\u00e1n clases de iniciaci\u00f3n musical, percusi\u00f3n, timple, guitarra cl\u00e1sica y el\u00e9ctrica, bajo, bater\u00eda, piano, canto y folclore, entre otros. La formaci\u00f3n se dividir\u00e1 en dos ciclos: uno inicial para menores de 3 a 7 a\u00f1os, donde se impartir\u00e1 la asignatura de m\u00fasica y movimiento; y otro b\u00e1sico, a partir de los 8 a\u00f1os, donde se dar\u00e1 la asignatura de lenguaje musical y elegir\u00e1n instrumento.\u00a0<\/span><\/p>\n<p><span style=\"font-weight: 400;\">Las personas interesadas podr\u00e1n formalizar su inscripci\u00f3n presentando el impreso correspondiente, el alta a terceros en el Consistorio formalizado y el resguardo de ingreso de 10 euros por la matr\u00edcula para el alumnado no empadronado en Har\u00eda. Para cualquier consulta referente a las clases, precios y horarios podr\u00e1n llamar a los tel\u00e9fonos 928 817 069 \/ 609 237 836.<\/span><\/p>\n","protected":false},"excerpt":{"rendered":"<p>El Ayuntamiento de Har\u00eda informa de que est\u00e1 abierta la matr\u00edcula para la Escuela de M\u00fasica. Se trata de un proyecto educativo y cultural que contribuye al enriquecimiento musical de la poblaci\u00f3n.\u00a0 En este nuevo curso se ofrecer\u00e1n clases de iniciaci\u00f3n musical, percusi\u00f3n, timple, guitarra cl\u00e1sica y el\u00e9ctrica, bajo, bater\u00eda, piano, canto y folclore, entre [&hellip;]<\/p>\n","protected":false},"author":13,"featured_media":0,"comment_status":"closed","ping_status":"closed","sticky":false,"template":"","format":"standard","meta":{"footnotes":""},"categories":[11],"tags":[],"class_list":["post-33097","post","type-post","status-publish","format-standard","hentry","category-hoja-de-haria"],"_links":{"self":[{"href":"https:\/\/www.ayuntamientodeharia.com\/haria\/wp-json\/wp\/v2\/posts\/33097","targetHints":{"allow":["GET"]}}],"collection":[{"href":"https:\/\/www.ayuntamientodeharia.com\/haria\/wp-json\/wp\/v2\/posts"}],"about":[{"href":"https:\/\/www.ayuntamientodeharia.com\/haria\/wp-json\/wp\/v2\/types\/post"}],"author":[{"embeddable":true,"href":"https:\/\/www.ayuntamientodeharia.com\/haria\/wp-json\/wp\/v2\/users\/13"}],"replies":[{"embeddable":true,"href":"https:\/\/www.ayuntamientodeharia.com\/haria\/wp-json\/wp\/v2\/comments?post=33097"}],"version-history":[{"count":1,"href":"https:\/\/www.ayuntamientodeharia.com\/haria\/wp-json\/wp\/v2\/posts\/33097\/revisions"}],"predecessor-version":[{"id":33098,"href":"https:\/\/www.ayuntamientodeharia.com\/haria\/wp-json\/wp\/v2\/posts\/33097\/revisions\/33098"}],"wp:attachment":[{"href":"https:\/\/www.ayuntamientodeharia.com\/haria\/wp-json\/wp\/v2\/media?parent=33097"}],"wp:term":[{"taxonomy":"category","embeddable":true,"href":"https:\/\/www.ayuntamientodeharia.com\/haria\/wp-json\/wp\/v2\/categories?post=33097"},{"taxonomy":"post_tag","embeddable":true,"href":"https:\/\/www.ayuntamientodeharia.com\/haria\/wp-json\/wp\/v2\/tags?post=33097"}],"curies":[{"name":"wp","href":"https:\/\/api.w.org\/{rel}","templated":true}]}}