{"id":33094,"date":"2025-10-13T08:15:21","date_gmt":"2025-10-13T07:15:21","guid":{"rendered":"https:\/\/www.ayuntamientodeharia.com\/haria\/?p=33094"},"modified":"2025-10-13T08:15:21","modified_gmt":"2025-10-13T07:15:21","slug":"disponibles-las-entradas-de-la-sexta-edicion-del-festival-de-teatro-de-titeres-harionetas","status":"publish","type":"post","link":"https:\/\/www.ayuntamientodeharia.com\/haria\/disponibles-las-entradas-de-la-sexta-edicion-del-festival-de-teatro-de-titeres-harionetas\/","title":{"rendered":"Disponibles las entradas de la sexta edici\u00f3n del Festival de Teatro de T\u00edteres Harionetas"},"content":{"rendered":"<p><span style=\"font-weight: 400;\">El Ayuntamiento de Har\u00eda recuerda que ya puedes conseguir las entradas para disfrutar de la VI edici\u00f3n del Festival de Teatro de T\u00edteres Harionetas, que tendr\u00e1 lugar a partir del pr\u00f3ximo d\u00eda 13 y se prolongar\u00e1 hasta el 19 de octubre en diversos espacios del municipio.\u00a0<\/span><\/p>\n<p><span style=\"font-weight: 400;\">Este evento est\u00e1 consolidado como un referente cultural en Lanzarote y cuenta con el apoyo y la colaboraci\u00f3n de la Consejer\u00eda de Cultura del Cabildo y el Instituto Canario de Desarrollo Cultural del Gobierno de Canarias, dentro del programa MARES.<\/span><\/p>\n<p><span style=\"font-weight: 400;\">El evento se celebrar\u00e1 los d\u00edas 13 y 17 de octubre, en las que se trasladar\u00e1 a las escuelas e institutos del municipio a las salas teatro La Tegala de Har\u00eda y El Aljibe para impartir talleres de formaci\u00f3n sobre la manipulaci\u00f3n b\u00e1sica de t\u00edteres. A esto se sumar\u00e1n funciones escolares.<\/span><\/p>\n<p><span style=\"font-weight: 400;\">Por otro lado, del 16 al 19 de octubre las salas teatro La Tegala y El Aljibe ofrecer\u00e1n espect\u00e1culos que permitir\u00e1n a los m\u00e1s peque\u00f1os disfrutar de las diversas formas de expresi\u00f3n art\u00edstica que ofrece el teatro de t\u00edteres. Los asistentes podr\u00e1n conseguir las entradas y acceder a m\u00e1s informaci\u00f3n a trav\u00e9s de la p\u00e1gina web www.harionetas.com.<\/span><\/p>\n","protected":false},"excerpt":{"rendered":"<p>El Ayuntamiento de Har\u00eda recuerda que ya puedes conseguir las entradas para disfrutar de la VI edici\u00f3n del Festival de Teatro de T\u00edteres Harionetas, que tendr\u00e1 lugar a partir del pr\u00f3ximo d\u00eda 13 y se prolongar\u00e1 hasta el 19 de octubre en diversos espacios del municipio.\u00a0 Este evento est\u00e1 consolidado como un referente cultural en [&hellip;]<\/p>\n","protected":false},"author":13,"featured_media":33095,"comment_status":"closed","ping_status":"closed","sticky":false,"template":"","format":"standard","meta":{"footnotes":""},"categories":[11],"tags":[],"class_list":["post-33094","post","type-post","status-publish","format-standard","has-post-thumbnail","hentry","category-hoja-de-haria"],"_links":{"self":[{"href":"https:\/\/www.ayuntamientodeharia.com\/haria\/wp-json\/wp\/v2\/posts\/33094","targetHints":{"allow":["GET"]}}],"collection":[{"href":"https:\/\/www.ayuntamientodeharia.com\/haria\/wp-json\/wp\/v2\/posts"}],"about":[{"href":"https:\/\/www.ayuntamientodeharia.com\/haria\/wp-json\/wp\/v2\/types\/post"}],"author":[{"embeddable":true,"href":"https:\/\/www.ayuntamientodeharia.com\/haria\/wp-json\/wp\/v2\/users\/13"}],"replies":[{"embeddable":true,"href":"https:\/\/www.ayuntamientodeharia.com\/haria\/wp-json\/wp\/v2\/comments?post=33094"}],"version-history":[{"count":1,"href":"https:\/\/www.ayuntamientodeharia.com\/haria\/wp-json\/wp\/v2\/posts\/33094\/revisions"}],"predecessor-version":[{"id":33096,"href":"https:\/\/www.ayuntamientodeharia.com\/haria\/wp-json\/wp\/v2\/posts\/33094\/revisions\/33096"}],"wp:featuredmedia":[{"embeddable":true,"href":"https:\/\/www.ayuntamientodeharia.com\/haria\/wp-json\/wp\/v2\/media\/33095"}],"wp:attachment":[{"href":"https:\/\/www.ayuntamientodeharia.com\/haria\/wp-json\/wp\/v2\/media?parent=33094"}],"wp:term":[{"taxonomy":"category","embeddable":true,"href":"https:\/\/www.ayuntamientodeharia.com\/haria\/wp-json\/wp\/v2\/categories?post=33094"},{"taxonomy":"post_tag","embeddable":true,"href":"https:\/\/www.ayuntamientodeharia.com\/haria\/wp-json\/wp\/v2\/tags?post=33094"}],"curies":[{"name":"wp","href":"https:\/\/api.w.org\/{rel}","templated":true}]}}