{"id":33091,"date":"2025-10-13T08:05:54","date_gmt":"2025-10-13T07:05:54","guid":{"rendered":"https:\/\/www.ayuntamientodeharia.com\/haria\/?p=33091"},"modified":"2025-10-13T08:05:54","modified_gmt":"2025-10-13T07:05:54","slug":"la-asociacion-de-la-tercera-edad-el-palmeral-del-norte-visita-la-feria-del-marisco-en-galicia","status":"publish","type":"post","link":"https:\/\/www.ayuntamientodeharia.com\/haria\/la-asociacion-de-la-tercera-edad-el-palmeral-del-norte-visita-la-feria-del-marisco-en-galicia\/","title":{"rendered":"La Asociaci\u00f3n de la Tercera Edad El Palmeral del Norte visita la Feria del Marisco en Galicia"},"content":{"rendered":"<p><span style=\"font-weight: 400;\">La Asociaci\u00f3n de la Tercera Edad El Palmeral del Norte ha organizado un viaje a Galicia con motivo de la Feria del Marisco 2025. Los mayores estar\u00e1n hasta este domingo, 12 de octubre, recorriendo las calles de Vigo e incluso enclaves tur\u00edsticos como la isla de La Toja.<\/span><\/p>\n<p><span style=\"font-weight: 400;\">Esta actividad incluye excursiones a Santiago de Compostela, la ciudad de Pontevedra, Cambados o Valle del Saln\u00e9s, con el objetivo de descubrir la cultura, la gastronom\u00eda y los sitios emblem\u00e1ticos de la comunidad gallega.<\/span><\/p>\n<p><span style=\"font-weight: 400;\">Desde el Ayuntamiento de Har\u00eda les deseamos una gran traves\u00eda, cargada de nuevas experiencias.<\/span><\/p>\n","protected":false},"excerpt":{"rendered":"<p>La Asociaci\u00f3n de la Tercera Edad El Palmeral del Norte ha organizado un viaje a Galicia con motivo de la Feria del Marisco 2025. Los mayores estar\u00e1n hasta este domingo, 12 de octubre, recorriendo las calles de Vigo e incluso enclaves tur\u00edsticos como la isla de La Toja. Esta actividad incluye excursiones a Santiago de [&hellip;]<\/p>\n","protected":false},"author":13,"featured_media":33092,"comment_status":"closed","ping_status":"closed","sticky":false,"template":"","format":"standard","meta":{"footnotes":""},"categories":[11],"tags":[],"class_list":["post-33091","post","type-post","status-publish","format-standard","has-post-thumbnail","hentry","category-hoja-de-haria"],"_links":{"self":[{"href":"https:\/\/www.ayuntamientodeharia.com\/haria\/wp-json\/wp\/v2\/posts\/33091","targetHints":{"allow":["GET"]}}],"collection":[{"href":"https:\/\/www.ayuntamientodeharia.com\/haria\/wp-json\/wp\/v2\/posts"}],"about":[{"href":"https:\/\/www.ayuntamientodeharia.com\/haria\/wp-json\/wp\/v2\/types\/post"}],"author":[{"embeddable":true,"href":"https:\/\/www.ayuntamientodeharia.com\/haria\/wp-json\/wp\/v2\/users\/13"}],"replies":[{"embeddable":true,"href":"https:\/\/www.ayuntamientodeharia.com\/haria\/wp-json\/wp\/v2\/comments?post=33091"}],"version-history":[{"count":1,"href":"https:\/\/www.ayuntamientodeharia.com\/haria\/wp-json\/wp\/v2\/posts\/33091\/revisions"}],"predecessor-version":[{"id":33093,"href":"https:\/\/www.ayuntamientodeharia.com\/haria\/wp-json\/wp\/v2\/posts\/33091\/revisions\/33093"}],"wp:featuredmedia":[{"embeddable":true,"href":"https:\/\/www.ayuntamientodeharia.com\/haria\/wp-json\/wp\/v2\/media\/33092"}],"wp:attachment":[{"href":"https:\/\/www.ayuntamientodeharia.com\/haria\/wp-json\/wp\/v2\/media?parent=33091"}],"wp:term":[{"taxonomy":"category","embeddable":true,"href":"https:\/\/www.ayuntamientodeharia.com\/haria\/wp-json\/wp\/v2\/categories?post=33091"},{"taxonomy":"post_tag","embeddable":true,"href":"https:\/\/www.ayuntamientodeharia.com\/haria\/wp-json\/wp\/v2\/tags?post=33091"}],"curies":[{"name":"wp","href":"https:\/\/api.w.org\/{rel}","templated":true}]}}