{"id":33089,"date":"2025-10-13T08:04:42","date_gmt":"2025-10-13T07:04:42","guid":{"rendered":"https:\/\/www.ayuntamientodeharia.com\/haria\/?p=33089"},"modified":"2025-10-13T08:04:42","modified_gmt":"2025-10-13T07:04:42","slug":"viaje-a-las-luces-y-los-mercados-navidenos-de-barcelona-del-4-al-8-de-diciembre","status":"publish","type":"post","link":"https:\/\/www.ayuntamientodeharia.com\/haria\/viaje-a-las-luces-y-los-mercados-navidenos-de-barcelona-del-4-al-8-de-diciembre\/","title":{"rendered":"Viaje a las luces y los mercados navide\u00f1os de Barcelona del 4 al 8 de diciembre"},"content":{"rendered":"<p><span style=\"font-weight: 400;\">El Ayuntamiento de Har\u00eda organiza un viaje especial a Barcelona, del 4 al 8 de diciembre, para ver las luces y los mercados navide\u00f1os de la ciudad. El itinerario incluye visitas al paseo de Las Ramblas, la Fuente de Canaletes, el Palacio de la Virreina o la Monta\u00f1a de Montju\u00efc, entre otros enclaves tur\u00edsticos.<\/span><\/p>\n<p><span style=\"font-weight: 400;\">Esta acci\u00f3n incluye el billete de avi\u00f3n, seguro de asistencia, hotel, guaguas durante todo el recorrido, bebidas, gu\u00edas locales, as\u00ed como las tasas tur\u00edsticas y a\u00e9reas. El precio var\u00eda en funci\u00f3n del tipo de habitaci\u00f3n.\u00a0<\/span><\/p>\n<p><span style=\"font-weight: 400;\">Para resolver cualquier duda, puedes llamar al 928 836 018, en el horario de 9:00 a 14:00 horas o acudir a las dependencias de Bienestar Social. Las reservas se realizar\u00e1n exclusivamente a trav\u00e9s del registro de entrada del Ayuntamiento, tanto en formato f\u00edsico como en la sede electr\u00f3nica, hasta agotar plazas.<\/span><\/p>\n","protected":false},"excerpt":{"rendered":"<p>El Ayuntamiento de Har\u00eda organiza un viaje especial a Barcelona, del 4 al 8 de diciembre, para ver las luces y los mercados navide\u00f1os de la ciudad. El itinerario incluye visitas al paseo de Las Ramblas, la Fuente de Canaletes, el Palacio de la Virreina o la Monta\u00f1a de Montju\u00efc, entre otros enclaves tur\u00edsticos. Esta [&hellip;]<\/p>\n","protected":false},"author":13,"featured_media":0,"comment_status":"closed","ping_status":"closed","sticky":false,"template":"","format":"standard","meta":{"footnotes":""},"categories":[11],"tags":[],"class_list":["post-33089","post","type-post","status-publish","format-standard","hentry","category-hoja-de-haria"],"_links":{"self":[{"href":"https:\/\/www.ayuntamientodeharia.com\/haria\/wp-json\/wp\/v2\/posts\/33089","targetHints":{"allow":["GET"]}}],"collection":[{"href":"https:\/\/www.ayuntamientodeharia.com\/haria\/wp-json\/wp\/v2\/posts"}],"about":[{"href":"https:\/\/www.ayuntamientodeharia.com\/haria\/wp-json\/wp\/v2\/types\/post"}],"author":[{"embeddable":true,"href":"https:\/\/www.ayuntamientodeharia.com\/haria\/wp-json\/wp\/v2\/users\/13"}],"replies":[{"embeddable":true,"href":"https:\/\/www.ayuntamientodeharia.com\/haria\/wp-json\/wp\/v2\/comments?post=33089"}],"version-history":[{"count":1,"href":"https:\/\/www.ayuntamientodeharia.com\/haria\/wp-json\/wp\/v2\/posts\/33089\/revisions"}],"predecessor-version":[{"id":33090,"href":"https:\/\/www.ayuntamientodeharia.com\/haria\/wp-json\/wp\/v2\/posts\/33089\/revisions\/33090"}],"wp:attachment":[{"href":"https:\/\/www.ayuntamientodeharia.com\/haria\/wp-json\/wp\/v2\/media?parent=33089"}],"wp:term":[{"taxonomy":"category","embeddable":true,"href":"https:\/\/www.ayuntamientodeharia.com\/haria\/wp-json\/wp\/v2\/categories?post=33089"},{"taxonomy":"post_tag","embeddable":true,"href":"https:\/\/www.ayuntamientodeharia.com\/haria\/wp-json\/wp\/v2\/tags?post=33089"}],"curies":[{"name":"wp","href":"https:\/\/api.w.org\/{rel}","templated":true}]}}