{"id":33087,"date":"2025-10-13T08:03:57","date_gmt":"2025-10-13T07:03:57","guid":{"rendered":"https:\/\/www.ayuntamientodeharia.com\/haria\/?p=33087"},"modified":"2025-10-13T08:03:57","modified_gmt":"2025-10-13T07:03:57","slug":"el-alcalde-de-haria-critica-el-abandono-del-cabildo-insular-al-municipio-tras-dejar-sin-financiacion-del-plan-de-cooperacion-municipal","status":"publish","type":"post","link":"https:\/\/www.ayuntamientodeharia.com\/haria\/el-alcalde-de-haria-critica-el-abandono-del-cabildo-insular-al-municipio-tras-dejar-sin-financiacion-del-plan-de-cooperacion-municipal\/","title":{"rendered":"El alcalde de Har\u00eda critica el abandono del Cabildo insular al municipio tras dejar sin financiaci\u00f3n del Plan de Cooperaci\u00f3n Municipal"},"content":{"rendered":"<p><span style=\"font-weight: 400;\">El alcalde de Har\u00eda, Alfredo Villalba, denuncia el abandono institucional que sufre el municipio tras quedarse sin acceso al Plan de Cooperaci\u00f3n Municipal, una herramienta clave para la financiaci\u00f3n de proyectos esenciales para la ciudadan\u00eda.\u00a0<\/span><\/p>\n<p><span style=\"font-weight: 400;\">Esta situaci\u00f3n se produce despu\u00e9s de que el Cabildo de Lanzarote denegara el Plan de Actuaci\u00f3n Integrado (PAI) presentado a la convocatoria de fondos europeos EDUSI-FEDER 2021\u20132027, dejando as\u00ed a la localidad, igual que al resto de municipios de la Isla, sin acceso a estos recursos.\u00a0<\/span><\/p>\n<p><span style=\"font-weight: 400;\">El alcalde recuerda que el Plan de Cooperaci\u00f3n Municipal es un mecanismo legalmente reconocido, dise\u00f1ado para garantizar una financiaci\u00f3n justa entre municipios, independientemente de su tama\u00f1o o capacidad recaudatoria. \u201cSe trata de una herramienta vital para que todas las localidades municipales, especialmente las m\u00e1s peque\u00f1as, tengan acceso a inversiones b\u00e1sicas en igualdad de condiciones\u201d, se\u00f1ala.<\/span><\/p>\n<p><span style=\"font-weight: 400;\">El Ayuntamiento de Har\u00eda exige la restituci\u00f3n inmediata del Plan de Cooperaci\u00f3n Municipal, as\u00ed como la aceptaci\u00f3n de responsabilidades por una situaci\u00f3n sin precedentes en Lanzarote, que ha dejado a los municipios en una posici\u00f3n de vulnerabilidad econ\u00f3mica y jur\u00eddica.<\/span><\/p>\n","protected":false},"excerpt":{"rendered":"<p>El alcalde de Har\u00eda, Alfredo Villalba, denuncia el abandono institucional que sufre el municipio tras quedarse sin acceso al Plan de Cooperaci\u00f3n Municipal, una herramienta clave para la financiaci\u00f3n de proyectos esenciales para la ciudadan\u00eda.\u00a0 Esta situaci\u00f3n se produce despu\u00e9s de que el Cabildo de Lanzarote denegara el Plan de Actuaci\u00f3n Integrado (PAI) presentado a [&hellip;]<\/p>\n","protected":false},"author":13,"featured_media":0,"comment_status":"closed","ping_status":"closed","sticky":false,"template":"","format":"standard","meta":{"footnotes":""},"categories":[11],"tags":[],"class_list":["post-33087","post","type-post","status-publish","format-standard","hentry","category-hoja-de-haria"],"_links":{"self":[{"href":"https:\/\/www.ayuntamientodeharia.com\/haria\/wp-json\/wp\/v2\/posts\/33087","targetHints":{"allow":["GET"]}}],"collection":[{"href":"https:\/\/www.ayuntamientodeharia.com\/haria\/wp-json\/wp\/v2\/posts"}],"about":[{"href":"https:\/\/www.ayuntamientodeharia.com\/haria\/wp-json\/wp\/v2\/types\/post"}],"author":[{"embeddable":true,"href":"https:\/\/www.ayuntamientodeharia.com\/haria\/wp-json\/wp\/v2\/users\/13"}],"replies":[{"embeddable":true,"href":"https:\/\/www.ayuntamientodeharia.com\/haria\/wp-json\/wp\/v2\/comments?post=33087"}],"version-history":[{"count":1,"href":"https:\/\/www.ayuntamientodeharia.com\/haria\/wp-json\/wp\/v2\/posts\/33087\/revisions"}],"predecessor-version":[{"id":33088,"href":"https:\/\/www.ayuntamientodeharia.com\/haria\/wp-json\/wp\/v2\/posts\/33087\/revisions\/33088"}],"wp:attachment":[{"href":"https:\/\/www.ayuntamientodeharia.com\/haria\/wp-json\/wp\/v2\/media?parent=33087"}],"wp:term":[{"taxonomy":"category","embeddable":true,"href":"https:\/\/www.ayuntamientodeharia.com\/haria\/wp-json\/wp\/v2\/categories?post=33087"},{"taxonomy":"post_tag","embeddable":true,"href":"https:\/\/www.ayuntamientodeharia.com\/haria\/wp-json\/wp\/v2\/tags?post=33087"}],"curies":[{"name":"wp","href":"https:\/\/api.w.org\/{rel}","templated":true}]}}