{"id":33084,"date":"2025-10-13T08:03:07","date_gmt":"2025-10-13T07:03:07","guid":{"rendered":"https:\/\/www.ayuntamientodeharia.com\/haria\/?p=33084"},"modified":"2025-10-13T08:03:07","modified_gmt":"2025-10-13T07:03:07","slug":"el-ayuntamiento-de-haria-organiza-una-nueva-edicion-del-recorrido-pateus-nocturnus","status":"publish","type":"post","link":"https:\/\/www.ayuntamientodeharia.com\/haria\/el-ayuntamiento-de-haria-organiza-una-nueva-edicion-del-recorrido-pateus-nocturnus\/","title":{"rendered":"El Ayuntamiento de Har\u00eda organiza una nueva edici\u00f3n del recorrido Pateus Nocturnus"},"content":{"rendered":"<p><span style=\"font-weight: 400;\">El Ayuntamiento de Har\u00eda, a trav\u00e9s del Punto Joven del departamento de Juventud, invita a toda la poblaci\u00f3n a participar en el pr\u00f3ximo Pateus Nocturnus, que se celebrar\u00e1 el s\u00e1bado 18 de octubre con una ruta nocturna por Monta\u00f1a Los Llanos. La salida tendr\u00e1 lugar a las 19:30 horas desde la Iglesia de M\u00e1guez.\u00a0<\/span><\/p>\n<p><span style=\"font-weight: 400;\">El recorrido es circular y de dificultad f\u00e1cil, pensado para cualquier persona activa que quiera disfrutar de un paseo nocturno. La duraci\u00f3n aproximada ser\u00e1 de dos horas. Se recomienda a los participantes llevar agua, linterna, ropa y calzado c\u00f3modo. Los menores de 12 a\u00f1os deber\u00e1n asistir acompa\u00f1ados por un adulto.\u00a0<\/span><\/p>\n<p><span style=\"font-weight: 400;\">Las personas interesadas en participar deben inscribirse previamente por WhatsApp en el 646 032 160, ya que las plazas son limitadas y se asignan por orden de inscripci\u00f3n.\u00a0<\/span><\/p>\n<p><span style=\"font-weight: 400;\">Para m\u00e1s informaci\u00f3n, pueden contactar en los tel\u00e9fonos 928 835 009 (ext.6) o en el 637 893 535, por correo en juventud@ayuntamientodeharia.com y en la Agenda de la web juventudharia.es\u00a0<\/span><\/p>\n","protected":false},"excerpt":{"rendered":"<p>El Ayuntamiento de Har\u00eda, a trav\u00e9s del Punto Joven del departamento de Juventud, invita a toda la poblaci\u00f3n a participar en el pr\u00f3ximo Pateus Nocturnus, que se celebrar\u00e1 el s\u00e1bado 18 de octubre con una ruta nocturna por Monta\u00f1a Los Llanos. La salida tendr\u00e1 lugar a las 19:30 horas desde la Iglesia de M\u00e1guez.\u00a0 El [&hellip;]<\/p>\n","protected":false},"author":13,"featured_media":33085,"comment_status":"closed","ping_status":"closed","sticky":false,"template":"","format":"standard","meta":{"footnotes":""},"categories":[11],"tags":[],"class_list":["post-33084","post","type-post","status-publish","format-standard","has-post-thumbnail","hentry","category-hoja-de-haria"],"_links":{"self":[{"href":"https:\/\/www.ayuntamientodeharia.com\/haria\/wp-json\/wp\/v2\/posts\/33084","targetHints":{"allow":["GET"]}}],"collection":[{"href":"https:\/\/www.ayuntamientodeharia.com\/haria\/wp-json\/wp\/v2\/posts"}],"about":[{"href":"https:\/\/www.ayuntamientodeharia.com\/haria\/wp-json\/wp\/v2\/types\/post"}],"author":[{"embeddable":true,"href":"https:\/\/www.ayuntamientodeharia.com\/haria\/wp-json\/wp\/v2\/users\/13"}],"replies":[{"embeddable":true,"href":"https:\/\/www.ayuntamientodeharia.com\/haria\/wp-json\/wp\/v2\/comments?post=33084"}],"version-history":[{"count":1,"href":"https:\/\/www.ayuntamientodeharia.com\/haria\/wp-json\/wp\/v2\/posts\/33084\/revisions"}],"predecessor-version":[{"id":33086,"href":"https:\/\/www.ayuntamientodeharia.com\/haria\/wp-json\/wp\/v2\/posts\/33084\/revisions\/33086"}],"wp:featuredmedia":[{"embeddable":true,"href":"https:\/\/www.ayuntamientodeharia.com\/haria\/wp-json\/wp\/v2\/media\/33085"}],"wp:attachment":[{"href":"https:\/\/www.ayuntamientodeharia.com\/haria\/wp-json\/wp\/v2\/media?parent=33084"}],"wp:term":[{"taxonomy":"category","embeddable":true,"href":"https:\/\/www.ayuntamientodeharia.com\/haria\/wp-json\/wp\/v2\/categories?post=33084"},{"taxonomy":"post_tag","embeddable":true,"href":"https:\/\/www.ayuntamientodeharia.com\/haria\/wp-json\/wp\/v2\/tags?post=33084"}],"curies":[{"name":"wp","href":"https:\/\/api.w.org\/{rel}","templated":true}]}}