{"id":33080,"date":"2025-10-13T08:01:50","date_gmt":"2025-10-13T07:01:50","guid":{"rendered":"https:\/\/www.ayuntamientodeharia.com\/haria\/?p=33080"},"modified":"2025-10-13T08:01:50","modified_gmt":"2025-10-13T07:01:50","slug":"el-ayuntamiento-invierte-600-000-euros-en-la-mejora-de-sus-espacios-publicos","status":"publish","type":"post","link":"https:\/\/www.ayuntamientodeharia.com\/haria\/el-ayuntamiento-invierte-600-000-euros-en-la-mejora-de-sus-espacios-publicos\/","title":{"rendered":"El Ayuntamiento invierte 600.000 euros en la mejora de sus espacios p\u00fablicos"},"content":{"rendered":"<p><span style=\"font-weight: 400;\">El Ayuntamiento de Har\u00eda desarrolla diversas mejoras de los espacios p\u00fablicos del municipio a trav\u00e9s de una inversi\u00f3n de m\u00e1s de 600.000 euros que permitir\u00e1 la contrataci\u00f3n de una veintena de personas desempleadas.\u00a0<\/span><\/p>\n<p><span style=\"font-weight: 400;\">A trav\u00e9s de esta iniciativa, el Consistorio contribuye a la limpieza de edificios y dependencias municipales, as\u00ed como de infraestructuras viales, el mantenimiento y la conservaci\u00f3n de la jardiner\u00eda del municipio, y trabajos de se\u00f1alizaci\u00f3n vertical y horizontal de la red viaria.<\/span><\/p>\n<p><span style=\"font-weight: 400;\">Para llevar a cabo estas actuaciones, cuyos plazos de ejecuci\u00f3n var\u00edan entre los seis meses y los dos a\u00f1os, el Ayuntamiento adjudic\u00f3 las mismas a las empresas Samyl Facility Services, S. L., grupo Inama, Servicios y distribuciones Caycare S. L., as\u00ed como Actividades Medioambientales S.L.U.<\/span><\/p>\n<p><img fetchpriority=\"high\" decoding=\"async\" class=\"alignnone size-medium wp-image-33082\" src=\"https:\/\/www.ayuntamientodeharia.com\/haria\/wp-content\/uploads\/2025\/10\/DSC03651-450x299.jpg\" alt=\"\" width=\"450\" height=\"299\" srcset=\"https:\/\/www.ayuntamientodeharia.com\/haria\/wp-content\/uploads\/2025\/10\/DSC03651-450x299.jpg 450w, https:\/\/www.ayuntamientodeharia.com\/haria\/wp-content\/uploads\/2025\/10\/DSC03651-1038x690.jpg 1038w, https:\/\/www.ayuntamientodeharia.com\/haria\/wp-content\/uploads\/2025\/10\/DSC03651-768x511.jpg 768w, https:\/\/www.ayuntamientodeharia.com\/haria\/wp-content\/uploads\/2025\/10\/DSC03651-550x366.jpg 550w, https:\/\/www.ayuntamientodeharia.com\/haria\/wp-content\/uploads\/2025\/10\/DSC03651-1536x1021.jpg 1536w, https:\/\/www.ayuntamientodeharia.com\/haria\/wp-content\/uploads\/2025\/10\/DSC03651-2048x1361.jpg 2048w\" sizes=\"(max-width: 450px) 100vw, 450px\" \/><\/p>\n","protected":false},"excerpt":{"rendered":"<p>El Ayuntamiento de Har\u00eda desarrolla diversas mejoras de los espacios p\u00fablicos del municipio a trav\u00e9s de una inversi\u00f3n de m\u00e1s de 600.000 euros que permitir\u00e1 la contrataci\u00f3n de una veintena de personas desempleadas.\u00a0 A trav\u00e9s de esta iniciativa, el Consistorio contribuye a la limpieza de edificios y dependencias municipales, as\u00ed como de infraestructuras viales, el [&hellip;]<\/p>\n","protected":false},"author":13,"featured_media":33081,"comment_status":"closed","ping_status":"closed","sticky":false,"template":"","format":"standard","meta":{"footnotes":""},"categories":[11],"tags":[],"class_list":["post-33080","post","type-post","status-publish","format-standard","has-post-thumbnail","hentry","category-hoja-de-haria"],"_links":{"self":[{"href":"https:\/\/www.ayuntamientodeharia.com\/haria\/wp-json\/wp\/v2\/posts\/33080","targetHints":{"allow":["GET"]}}],"collection":[{"href":"https:\/\/www.ayuntamientodeharia.com\/haria\/wp-json\/wp\/v2\/posts"}],"about":[{"href":"https:\/\/www.ayuntamientodeharia.com\/haria\/wp-json\/wp\/v2\/types\/post"}],"author":[{"embeddable":true,"href":"https:\/\/www.ayuntamientodeharia.com\/haria\/wp-json\/wp\/v2\/users\/13"}],"replies":[{"embeddable":true,"href":"https:\/\/www.ayuntamientodeharia.com\/haria\/wp-json\/wp\/v2\/comments?post=33080"}],"version-history":[{"count":1,"href":"https:\/\/www.ayuntamientodeharia.com\/haria\/wp-json\/wp\/v2\/posts\/33080\/revisions"}],"predecessor-version":[{"id":33083,"href":"https:\/\/www.ayuntamientodeharia.com\/haria\/wp-json\/wp\/v2\/posts\/33080\/revisions\/33083"}],"wp:featuredmedia":[{"embeddable":true,"href":"https:\/\/www.ayuntamientodeharia.com\/haria\/wp-json\/wp\/v2\/media\/33081"}],"wp:attachment":[{"href":"https:\/\/www.ayuntamientodeharia.com\/haria\/wp-json\/wp\/v2\/media?parent=33080"}],"wp:term":[{"taxonomy":"category","embeddable":true,"href":"https:\/\/www.ayuntamientodeharia.com\/haria\/wp-json\/wp\/v2\/categories?post=33080"},{"taxonomy":"post_tag","embeddable":true,"href":"https:\/\/www.ayuntamientodeharia.com\/haria\/wp-json\/wp\/v2\/tags?post=33080"}],"curies":[{"name":"wp","href":"https:\/\/api.w.org\/{rel}","templated":true}]}}