{"id":32667,"date":"2025-06-06T16:14:47","date_gmt":"2025-06-06T15:14:47","guid":{"rendered":"https:\/\/www.ayuntamientodeharia.com\/haria\/?p=32667"},"modified":"2025-06-06T16:14:47","modified_gmt":"2025-06-06T15:14:47","slug":"abierto-el-plazo-de-inscripcion-para-el-torneo-de-padel-san-juan-2025","status":"publish","type":"post","link":"https:\/\/www.ayuntamientodeharia.com\/haria\/abierto-el-plazo-de-inscripcion-para-el-torneo-de-padel-san-juan-2025\/","title":{"rendered":"Abierto el plazo de inscripci\u00f3n para el Torneo de P\u00e1del San Juan 2025"},"content":{"rendered":"<p><span style=\"font-weight: 400;\">El Torneo de P\u00e1del San Juan 2025 se celebrar\u00e1 en las canchas municipales de Har\u00eda los d\u00edas 11, 12, 13 y 14 de junio. La competici\u00f3n contar\u00e1 con categor\u00edas masculina y femenina.<\/span><\/p>\n<p><span style=\"font-weight: 400;\">La inscripci\u00f3n es gratuita y estar\u00e1 abierta hasta el 9 de junio. Las plazas son limitadas. Para participar, las parejas deben enviar un correo con sus nombres y apellidos a cdpadelharia@gmail.com.<\/span><\/p>\n","protected":false},"excerpt":{"rendered":"<p>El Torneo de P\u00e1del San Juan 2025 se celebrar\u00e1 en las canchas municipales de Har\u00eda los d\u00edas 11, 12, 13 y 14 de junio. La competici\u00f3n contar\u00e1 con categor\u00edas masculina y femenina. La inscripci\u00f3n es gratuita y estar\u00e1 abierta hasta el 9 de junio. Las plazas son limitadas. Para participar, las parejas deben enviar un [&hellip;]<\/p>\n","protected":false},"author":13,"featured_media":32653,"comment_status":"closed","ping_status":"closed","sticky":false,"template":"","format":"standard","meta":{"footnotes":""},"categories":[17],"tags":[],"class_list":["post-32667","post","type-post","status-publish","format-standard","has-post-thumbnail","hentry","category-deportes"],"_links":{"self":[{"href":"https:\/\/www.ayuntamientodeharia.com\/haria\/wp-json\/wp\/v2\/posts\/32667","targetHints":{"allow":["GET"]}}],"collection":[{"href":"https:\/\/www.ayuntamientodeharia.com\/haria\/wp-json\/wp\/v2\/posts"}],"about":[{"href":"https:\/\/www.ayuntamientodeharia.com\/haria\/wp-json\/wp\/v2\/types\/post"}],"author":[{"embeddable":true,"href":"https:\/\/www.ayuntamientodeharia.com\/haria\/wp-json\/wp\/v2\/users\/13"}],"replies":[{"embeddable":true,"href":"https:\/\/www.ayuntamientodeharia.com\/haria\/wp-json\/wp\/v2\/comments?post=32667"}],"version-history":[{"count":1,"href":"https:\/\/www.ayuntamientodeharia.com\/haria\/wp-json\/wp\/v2\/posts\/32667\/revisions"}],"predecessor-version":[{"id":32668,"href":"https:\/\/www.ayuntamientodeharia.com\/haria\/wp-json\/wp\/v2\/posts\/32667\/revisions\/32668"}],"wp:featuredmedia":[{"embeddable":true,"href":"https:\/\/www.ayuntamientodeharia.com\/haria\/wp-json\/wp\/v2\/media\/32653"}],"wp:attachment":[{"href":"https:\/\/www.ayuntamientodeharia.com\/haria\/wp-json\/wp\/v2\/media?parent=32667"}],"wp:term":[{"taxonomy":"category","embeddable":true,"href":"https:\/\/www.ayuntamientodeharia.com\/haria\/wp-json\/wp\/v2\/categories?post=32667"},{"taxonomy":"post_tag","embeddable":true,"href":"https:\/\/www.ayuntamientodeharia.com\/haria\/wp-json\/wp\/v2\/tags?post=32667"}],"curies":[{"name":"wp","href":"https:\/\/api.w.org\/{rel}","templated":true}]}}