{"id":32591,"date":"2025-04-25T13:45:35","date_gmt":"2025-04-25T12:45:35","guid":{"rendered":"https:\/\/www.ayuntamientodeharia.com\/haria\/?p=32591"},"modified":"2025-04-25T13:45:35","modified_gmt":"2025-04-25T12:45:35","slug":"jornadas-de-salud-y-bienestar-animal-en-ye","status":"publish","type":"post","link":"https:\/\/www.ayuntamientodeharia.com\/haria\/jornadas-de-salud-y-bienestar-animal-en-ye\/","title":{"rendered":"Jornadas de Salud y Bienestar Animal en Y\u00e9"},"content":{"rendered":"<p><span style=\"font-weight: 400;\">El Ayuntamiento de Har\u00eda, en colaboraci\u00f3n con la Asociaci\u00f3n de Vecinos Volc\u00e1n de la Corona-Ye, organizan este s\u00e1bado, 26 de abril, en el Teleclub El Tef\u00edo de Y\u00e9, unas jornadas dedicadas a la salud y el bienestar tanto de las personas como de los animales. Bajo el lema \u2018Har\u00eda te cuida\u2019. Desde las 11:00 hasta las 13:30 horas se ofrecer\u00e1n diversas charlas y actividades:<\/span><\/p>\n<ul>\n<li style=\"font-weight: 400;\" aria-level=\"1\"><span style=\"font-weight: 400;\">Una charla sobre salud y consumo responsable.<\/span><\/li>\n<li style=\"font-weight: 400;\" aria-level=\"1\"><span style=\"font-weight: 400;\">Una demostraci\u00f3n pr\u00e1ctica sobre c\u00f3mo actuar ante una emergencia vital como el atragantamiento y la correcta llamada al 1-1-2.<\/span><\/li>\n<li style=\"font-weight: 400;\" aria-level=\"1\"><span style=\"font-weight: 400;\">Una charla y exhibici\u00f3n muy especial a cargo del equipo de Emerlan, donde conoceremos c\u00f3mo trabajan sus perros en labores de b\u00fasqueda y rescate.\u00a0<\/span><\/li>\n<li style=\"font-weight: 400;\" aria-level=\"1\"><span style=\"font-weight: 400;\">Chequeos b\u00e1sicos e informaci\u00f3n sobre salud, ofrecidos por la Escuela de Enfermer\u00eda de Lanzarote.<\/span><\/li>\n<\/ul>\n","protected":false},"excerpt":{"rendered":"<p>El Ayuntamiento de Har\u00eda, en colaboraci\u00f3n con la Asociaci\u00f3n de Vecinos Volc\u00e1n de la Corona-Ye, organizan este s\u00e1bado, 26 de abril, en el Teleclub El Tef\u00edo de Y\u00e9, unas jornadas dedicadas a la salud y el bienestar tanto de las personas como de los animales. Bajo el lema \u2018Har\u00eda te cuida\u2019. Desde las 11:00 hasta [&hellip;]<\/p>\n","protected":false},"author":13,"featured_media":32572,"comment_status":"closed","ping_status":"closed","sticky":false,"template":"","format":"standard","meta":{"footnotes":""},"categories":[187,111,99],"tags":[],"class_list":["post-32591","post","type-post","status-publish","format-standard","has-post-thumbnail","hentry","category-bienestar-social","category-participacion-ciudadana","category-tenencia-de-animales"],"_links":{"self":[{"href":"https:\/\/www.ayuntamientodeharia.com\/haria\/wp-json\/wp\/v2\/posts\/32591","targetHints":{"allow":["GET"]}}],"collection":[{"href":"https:\/\/www.ayuntamientodeharia.com\/haria\/wp-json\/wp\/v2\/posts"}],"about":[{"href":"https:\/\/www.ayuntamientodeharia.com\/haria\/wp-json\/wp\/v2\/types\/post"}],"author":[{"embeddable":true,"href":"https:\/\/www.ayuntamientodeharia.com\/haria\/wp-json\/wp\/v2\/users\/13"}],"replies":[{"embeddable":true,"href":"https:\/\/www.ayuntamientodeharia.com\/haria\/wp-json\/wp\/v2\/comments?post=32591"}],"version-history":[{"count":1,"href":"https:\/\/www.ayuntamientodeharia.com\/haria\/wp-json\/wp\/v2\/posts\/32591\/revisions"}],"predecessor-version":[{"id":32592,"href":"https:\/\/www.ayuntamientodeharia.com\/haria\/wp-json\/wp\/v2\/posts\/32591\/revisions\/32592"}],"wp:featuredmedia":[{"embeddable":true,"href":"https:\/\/www.ayuntamientodeharia.com\/haria\/wp-json\/wp\/v2\/media\/32572"}],"wp:attachment":[{"href":"https:\/\/www.ayuntamientodeharia.com\/haria\/wp-json\/wp\/v2\/media?parent=32591"}],"wp:term":[{"taxonomy":"category","embeddable":true,"href":"https:\/\/www.ayuntamientodeharia.com\/haria\/wp-json\/wp\/v2\/categories?post=32591"},{"taxonomy":"post_tag","embeddable":true,"href":"https:\/\/www.ayuntamientodeharia.com\/haria\/wp-json\/wp\/v2\/tags?post=32591"}],"curies":[{"name":"wp","href":"https:\/\/api.w.org\/{rel}","templated":true}]}}