{"id":3253,"date":"2015-12-18T20:24:35","date_gmt":"2015-12-18T20:24:35","guid":{"rendered":"http:\/\/www.ayuntamientodeharia.com\/haria\/?p=3253"},"modified":"2015-12-18T20:25:09","modified_gmt":"2015-12-18T20:25:09","slug":"los-espectaculos-del-festival-internacional-de-circo-teatro-malabharia-se-representaran-en-la-plaza-de-haria-y-en-el-terrero-de-lucha","status":"publish","type":"post","link":"https:\/\/www.ayuntamientodeharia.com\/haria\/los-espectaculos-del-festival-internacional-de-circo-teatro-malabharia-se-representaran-en-la-plaza-de-haria-y-en-el-terrero-de-lucha\/","title":{"rendered":"Los espect\u00e1culos del Festival Internacional de Circo-Teatro \u2018MalabHar\u00eda\u2019 se representar\u00e1n en la Plaza de Har\u00eda y en el Terrero de Lucha"},"content":{"rendered":"<h6><strong>Las invitaciones se podr\u00e1n retirar, a partir del 21 de diciembre, en el Departamento de Juventud<\/strong><\/h6>\n<p>&nbsp;<\/p>\n<p><a href=\"http:\/\/www.ayuntamientodeharia.com\/haria\/wp-content\/uploads\/2015\/12\/malabharia.jpg\"><img fetchpriority=\"high\" decoding=\"async\" class=\"alignleft size-medium wp-image-3223\" src=\"http:\/\/www.ayuntamientodeharia.com\/haria\/wp-content\/uploads\/2015\/12\/malabharia-300x180.jpg\" alt=\"malabharia\" width=\"300\" height=\"180\" srcset=\"https:\/\/www.ayuntamientodeharia.com\/haria\/wp-content\/uploads\/2015\/12\/malabharia-300x180.jpg 300w, https:\/\/www.ayuntamientodeharia.com\/haria\/wp-content\/uploads\/2015\/12\/malabharia-1024x616.jpg 1024w, https:\/\/www.ayuntamientodeharia.com\/haria\/wp-content\/uploads\/2015\/12\/malabharia.jpg 1783w\" sizes=\"(max-width: 300px) 100vw, 300px\" \/><\/a>Ya est\u00e1 todo preparado para que el pueblo de Har\u00eda acoja una nueva edici\u00f3n del Festival Internacional de Circo Teatro \u2018MalabHar\u00eda\u2019, que este a\u00f1o cuenta con dos espacios diferentes para la representaci\u00f3n de los espect\u00e1culos. Las actuaciones de la ma\u00f1ana y la tarde se realizar\u00e1n en la Plaza de Har\u00eda, como actividad complementaria del Rastro de Navidad y del Mercado Har\u00eda Artesanal, mientras que las de la noche, a la que asisten una mayor cantidad de p\u00fablico, se celebrar\u00e1n en el terrero de lucha Luis Montero Barreto de Har\u00eda.<\/p>\n<p>&nbsp;<\/p>\n<p>Este nuevo espacio cuenta no solo con una mejor infraestructura para el correcto desarrollo de los n\u00fameros circense, sino tambi\u00e9n con un mayor n\u00famero de plazas, lo que permitir\u00e1 acoger a m\u00e1s cantidad de p\u00fablico.<\/p>\n<p><!--more--><\/p>\n<p>&nbsp;<\/p>\n<p>En esta ocasi\u00f3n, por motivos de organizaci\u00f3n, las personas que deseen asistir a los espect\u00e1culos de la noche deber\u00e1n retirar la entrada, que se les facilitar\u00e1 de forma gratuita a partir del lunes, 21 de diciembre, de 08:00 a 13:00 horas, en el Departamento de Juventud del Ayuntamiento de Har\u00eda, o bien una hora antes de cada espect\u00e1culo hasta completar aforo. Cada persona podr\u00e1 retirar un m\u00e1ximo de cuatro entrada por d\u00eda.<\/p>\n","protected":false},"excerpt":{"rendered":"<p>Las invitaciones se podr\u00e1n retirar, a partir del 21 de diciembre, en el Departamento de Juventud &nbsp; Ya est\u00e1 todo preparado para que el pueblo de Har\u00eda acoja una nueva edici\u00f3n del Festival Internacional de Circo Teatro \u2018MalabHar\u00eda\u2019, que este a\u00f1o cuenta con dos espacios diferentes para la representaci\u00f3n de los espect\u00e1culos. Las actuaciones de [&hellip;]<\/p>\n","protected":false},"author":2,"featured_media":0,"comment_status":"closed","ping_status":"closed","sticky":false,"template":"","format":"standard","meta":{"footnotes":""},"categories":[11,25],"tags":[],"class_list":["post-3253","post","type-post","status-publish","format-standard","hentry","category-hoja-de-haria","category-juventud"],"_links":{"self":[{"href":"https:\/\/www.ayuntamientodeharia.com\/haria\/wp-json\/wp\/v2\/posts\/3253","targetHints":{"allow":["GET"]}}],"collection":[{"href":"https:\/\/www.ayuntamientodeharia.com\/haria\/wp-json\/wp\/v2\/posts"}],"about":[{"href":"https:\/\/www.ayuntamientodeharia.com\/haria\/wp-json\/wp\/v2\/types\/post"}],"author":[{"embeddable":true,"href":"https:\/\/www.ayuntamientodeharia.com\/haria\/wp-json\/wp\/v2\/users\/2"}],"replies":[{"embeddable":true,"href":"https:\/\/www.ayuntamientodeharia.com\/haria\/wp-json\/wp\/v2\/comments?post=3253"}],"version-history":[{"count":0,"href":"https:\/\/www.ayuntamientodeharia.com\/haria\/wp-json\/wp\/v2\/posts\/3253\/revisions"}],"wp:attachment":[{"href":"https:\/\/www.ayuntamientodeharia.com\/haria\/wp-json\/wp\/v2\/media?parent=3253"}],"wp:term":[{"taxonomy":"category","embeddable":true,"href":"https:\/\/www.ayuntamientodeharia.com\/haria\/wp-json\/wp\/v2\/categories?post=3253"},{"taxonomy":"post_tag","embeddable":true,"href":"https:\/\/www.ayuntamientodeharia.com\/haria\/wp-json\/wp\/v2\/tags?post=3253"}],"curies":[{"name":"wp","href":"https:\/\/api.w.org\/{rel}","templated":true}]}}