{"id":3251,"date":"2015-12-18T20:22:31","date_gmt":"2015-12-18T20:22:31","guid":{"rendered":"http:\/\/www.ayuntamientodeharia.com\/haria\/?p=3251"},"modified":"2015-12-18T20:22:58","modified_gmt":"2015-12-18T20:22:58","slug":"daniel-figueroa-gara-t-toledo-y-jorge-carlos-imhof-ganadores-del-xv-concurso-de-dibujos-de-navidad","status":"publish","type":"post","link":"https:\/\/www.ayuntamientodeharia.com\/haria\/daniel-figueroa-gara-t-toledo-y-jorge-carlos-imhof-ganadores-del-xv-concurso-de-dibujos-de-navidad\/","title":{"rendered":"Daniel Figueroa, Gara T. Toledo y Jorge Carlos Imhof, ganadores del \u2018XV Concurso de Dibujos de Navidad\u2019"},"content":{"rendered":"<p><a href=\"http:\/\/www.ayuntamientodeharia.com\/haria\/wp-content\/uploads\/2015\/12\/Dibujo-1.jpg\"><img fetchpriority=\"high\" decoding=\"async\" class=\"alignleft size-medium wp-image-3220\" src=\"http:\/\/www.ayuntamientodeharia.com\/haria\/wp-content\/uploads\/2015\/12\/Dibujo-1-300x251.jpg\" alt=\"Dibujo 1\" width=\"300\" height=\"251\" srcset=\"https:\/\/www.ayuntamientodeharia.com\/haria\/wp-content\/uploads\/2015\/12\/Dibujo-1-300x251.jpg 300w, https:\/\/www.ayuntamientodeharia.com\/haria\/wp-content\/uploads\/2015\/12\/Dibujo-1.jpg 676w\" sizes=\"(max-width: 300px) 100vw, 300px\" \/><\/a>Los escolares del municipio hasta segundo curso de la ESO participaron con sus trabajos en el \u2018XV Concurso de Dibujos de Navidad\u2019 organizado por la Concejal\u00eda de Cultura del Ayuntamiento de Har\u00eda.<\/p>\n<p>&nbsp;<\/p>\n<p>En esta edici\u00f3n, el primer premio ha sido para el joven Daniel Figueroa P\u00e9rez, de 12 a\u00f1os y primero de la ESO del IES Har\u00eda, mientras que el segundo recay\u00f3 en Gara T. Toledo Barreto, de 9 a\u00f1os y del CEIP La Garita de Arrieta, y el tercero fue para Jorge Carlos Imhof Pe\u00f1a, de 5 a\u00f1os y alumno del CEIP San Juan de Har\u00eda.<\/p>\n<p><!--more--><\/p>\n<p>Los dibujos premiados han pasado a ilustrar el programa de actos de las Fiestas de Navidad y Reyes del municipio de Har\u00eda. Desde el Consistorio norte\u00f1o se quiere agradecer la colaboraci\u00f3n mostrada por los profesores de pl\u00e1sticas de los centros participantes, as\u00ed como felicitar a los escolares del municipio por su participaci\u00f3n en este concurso, en especial a los ganadores de la presente edici\u00f3n.<\/p>\n<p>&nbsp;<\/p>\n<p><a href=\"http:\/\/www.ayuntamientodeharia.com\/haria\/wp-content\/uploads\/2015\/12\/Dibujo-2.jpg\"><img decoding=\"async\" class=\"alignleft size-medium wp-image-3221\" src=\"http:\/\/www.ayuntamientodeharia.com\/haria\/wp-content\/uploads\/2015\/12\/Dibujo-2-246x300.jpg\" alt=\"Dibujo 2\" width=\"246\" height=\"300\" srcset=\"https:\/\/www.ayuntamientodeharia.com\/haria\/wp-content\/uploads\/2015\/12\/Dibujo-2-246x300.jpg 246w, https:\/\/www.ayuntamientodeharia.com\/haria\/wp-content\/uploads\/2015\/12\/Dibujo-2.jpg 474w\" sizes=\"(max-width: 246px) 100vw, 246px\" \/><\/a> <a href=\"http:\/\/www.ayuntamientodeharia.com\/haria\/wp-content\/uploads\/2015\/12\/Dibujo-3.jpg\"><img decoding=\"async\" class=\"alignleft size-medium wp-image-3222\" src=\"http:\/\/www.ayuntamientodeharia.com\/haria\/wp-content\/uploads\/2015\/12\/Dibujo-3-265x300.jpg\" alt=\"Dibujo 3\" width=\"265\" height=\"300\" srcset=\"https:\/\/www.ayuntamientodeharia.com\/haria\/wp-content\/uploads\/2015\/12\/Dibujo-3-265x300.jpg 265w, https:\/\/www.ayuntamientodeharia.com\/haria\/wp-content\/uploads\/2015\/12\/Dibujo-3.jpg 509w\" sizes=\"(max-width: 265px) 100vw, 265px\" \/><\/a><\/p>\n","protected":false},"excerpt":{"rendered":"<p>Los escolares del municipio hasta segundo curso de la ESO participaron con sus trabajos en el \u2018XV Concurso de Dibujos de Navidad\u2019 organizado por la Concejal\u00eda de Cultura del Ayuntamiento de Har\u00eda. &nbsp; En esta edici\u00f3n, el primer premio ha sido para el joven Daniel Figueroa P\u00e9rez, de 12 a\u00f1os y primero de la ESO [&hellip;]<\/p>\n","protected":false},"author":2,"featured_media":0,"comment_status":"closed","ping_status":"closed","sticky":false,"template":"","format":"standard","meta":{"footnotes":""},"categories":[16,11],"tags":[],"class_list":["post-3251","post","type-post","status-publish","format-standard","hentry","category-cultura","category-hoja-de-haria"],"_links":{"self":[{"href":"https:\/\/www.ayuntamientodeharia.com\/haria\/wp-json\/wp\/v2\/posts\/3251","targetHints":{"allow":["GET"]}}],"collection":[{"href":"https:\/\/www.ayuntamientodeharia.com\/haria\/wp-json\/wp\/v2\/posts"}],"about":[{"href":"https:\/\/www.ayuntamientodeharia.com\/haria\/wp-json\/wp\/v2\/types\/post"}],"author":[{"embeddable":true,"href":"https:\/\/www.ayuntamientodeharia.com\/haria\/wp-json\/wp\/v2\/users\/2"}],"replies":[{"embeddable":true,"href":"https:\/\/www.ayuntamientodeharia.com\/haria\/wp-json\/wp\/v2\/comments?post=3251"}],"version-history":[{"count":0,"href":"https:\/\/www.ayuntamientodeharia.com\/haria\/wp-json\/wp\/v2\/posts\/3251\/revisions"}],"wp:attachment":[{"href":"https:\/\/www.ayuntamientodeharia.com\/haria\/wp-json\/wp\/v2\/media?parent=3251"}],"wp:term":[{"taxonomy":"category","embeddable":true,"href":"https:\/\/www.ayuntamientodeharia.com\/haria\/wp-json\/wp\/v2\/categories?post=3251"},{"taxonomy":"post_tag","embeddable":true,"href":"https:\/\/www.ayuntamientodeharia.com\/haria\/wp-json\/wp\/v2\/tags?post=3251"}],"curies":[{"name":"wp","href":"https:\/\/api.w.org\/{rel}","templated":true}]}}