{"id":3248,"date":"2015-12-18T20:20:14","date_gmt":"2015-12-18T20:20:14","guid":{"rendered":"http:\/\/www.ayuntamientodeharia.com\/haria\/?p=3248"},"modified":"2015-12-18T20:21:11","modified_gmt":"2015-12-18T20:21:11","slug":"inauguracion-del-belen-municipal","status":"publish","type":"post","link":"https:\/\/www.ayuntamientodeharia.com\/haria\/inauguracion-del-belen-municipal\/","title":{"rendered":"Inauguraci\u00f3n del Bel\u00e9n Municipal"},"content":{"rendered":"<p><a href=\"http:\/\/www.ayuntamientodeharia.com\/haria\/wp-content\/uploads\/2015\/12\/portal-2.jpg\"><img fetchpriority=\"high\" decoding=\"async\" class=\"alignleft size-medium wp-image-3218\" src=\"http:\/\/www.ayuntamientodeharia.com\/haria\/wp-content\/uploads\/2015\/12\/portal-2-300x200.jpg\" alt=\"portal 2\" width=\"300\" height=\"200\" srcset=\"https:\/\/www.ayuntamientodeharia.com\/haria\/wp-content\/uploads\/2015\/12\/portal-2-300x200.jpg 300w, https:\/\/www.ayuntamientodeharia.com\/haria\/wp-content\/uploads\/2015\/12\/portal-2-1024x682.jpg 1024w, https:\/\/www.ayuntamientodeharia.com\/haria\/wp-content\/uploads\/2015\/12\/portal-2.jpg 1078w\" sizes=\"(max-width: 300px) 100vw, 300px\" \/><\/a>El pasado s\u00e1bado, 12 de diciembre, tuvo lugar la inauguraci\u00f3n del tradicional Bel\u00e9n del municipio de Har\u00eda, que en esta ocasi\u00f3n se ha cambiado de ubicaci\u00f3n y se ha desplazado a la Plaza de la Constituci\u00f3n, donde permanecer\u00e1 hasta la finalizaci\u00f3n de las fiestas navide\u00f1as.<\/p>\n<p><!--more--><\/p>\n<p>El dise\u00f1o del Portal corri\u00f3 a cargo de Ram\u00f3n Afonso y para el acto de apertura se cont\u00f3 con la participaci\u00f3n del Rancho de Pascua de Har\u00eda, que hizo las delicias de los presentes.<\/p>\n<p>&nbsp;<\/p>\n<p><a href=\"http:\/\/www.ayuntamientodeharia.com\/haria\/wp-content\/uploads\/2015\/12\/portal.jpg\"><img decoding=\"async\" class=\"alignleft size-medium wp-image-3219\" src=\"http:\/\/www.ayuntamientodeharia.com\/haria\/wp-content\/uploads\/2015\/12\/portal-300x224.jpg\" alt=\"portal\" width=\"300\" height=\"224\" srcset=\"https:\/\/www.ayuntamientodeharia.com\/haria\/wp-content\/uploads\/2015\/12\/portal-300x224.jpg 300w, https:\/\/www.ayuntamientodeharia.com\/haria\/wp-content\/uploads\/2015\/12\/portal-1024x767.jpg 1024w, https:\/\/www.ayuntamientodeharia.com\/haria\/wp-content\/uploads\/2015\/12\/portal.jpg 1077w\" sizes=\"(max-width: 300px) 100vw, 300px\" \/><\/a><a href=\"http:\/\/www.ayuntamientodeharia.com\/haria\/wp-content\/uploads\/2015\/12\/portal-1.jpg\"><br \/>\n<img decoding=\"async\" class=\"alignleft size-medium wp-image-3217\" src=\"http:\/\/www.ayuntamientodeharia.com\/haria\/wp-content\/uploads\/2015\/12\/portal-1-223x300.jpg\" alt=\"portal 1\" width=\"223\" height=\"300\" srcset=\"https:\/\/www.ayuntamientodeharia.com\/haria\/wp-content\/uploads\/2015\/12\/portal-1-223x300.jpg 223w, https:\/\/www.ayuntamientodeharia.com\/haria\/wp-content\/uploads\/2015\/12\/portal-1.jpg 508w\" sizes=\"(max-width: 223px) 100vw, 223px\" \/><\/a><\/p>\n<p>&nbsp;<\/p>\n","protected":false},"excerpt":{"rendered":"<p>El pasado s\u00e1bado, 12 de diciembre, tuvo lugar la inauguraci\u00f3n del tradicional Bel\u00e9n del municipio de Har\u00eda, que en esta ocasi\u00f3n se ha cambiado de ubicaci\u00f3n y se ha desplazado a la Plaza de la Constituci\u00f3n, donde permanecer\u00e1 hasta la finalizaci\u00f3n de las fiestas navide\u00f1as.<\/p>\n","protected":false},"author":2,"featured_media":0,"comment_status":"closed","ping_status":"closed","sticky":false,"template":"","format":"standard","meta":{"footnotes":""},"categories":[16,11],"tags":[],"class_list":["post-3248","post","type-post","status-publish","format-standard","hentry","category-cultura","category-hoja-de-haria"],"_links":{"self":[{"href":"https:\/\/www.ayuntamientodeharia.com\/haria\/wp-json\/wp\/v2\/posts\/3248","targetHints":{"allow":["GET"]}}],"collection":[{"href":"https:\/\/www.ayuntamientodeharia.com\/haria\/wp-json\/wp\/v2\/posts"}],"about":[{"href":"https:\/\/www.ayuntamientodeharia.com\/haria\/wp-json\/wp\/v2\/types\/post"}],"author":[{"embeddable":true,"href":"https:\/\/www.ayuntamientodeharia.com\/haria\/wp-json\/wp\/v2\/users\/2"}],"replies":[{"embeddable":true,"href":"https:\/\/www.ayuntamientodeharia.com\/haria\/wp-json\/wp\/v2\/comments?post=3248"}],"version-history":[{"count":0,"href":"https:\/\/www.ayuntamientodeharia.com\/haria\/wp-json\/wp\/v2\/posts\/3248\/revisions"}],"wp:attachment":[{"href":"https:\/\/www.ayuntamientodeharia.com\/haria\/wp-json\/wp\/v2\/media?parent=3248"}],"wp:term":[{"taxonomy":"category","embeddable":true,"href":"https:\/\/www.ayuntamientodeharia.com\/haria\/wp-json\/wp\/v2\/categories?post=3248"},{"taxonomy":"post_tag","embeddable":true,"href":"https:\/\/www.ayuntamientodeharia.com\/haria\/wp-json\/wp\/v2\/tags?post=3248"}],"curies":[{"name":"wp","href":"https:\/\/api.w.org\/{rel}","templated":true}]}}