{"id":3246,"date":"2015-12-18T20:18:23","date_gmt":"2015-12-18T20:18:23","guid":{"rendered":"http:\/\/www.ayuntamientodeharia.com\/haria\/?p=3246"},"modified":"2015-12-18T20:18:23","modified_gmt":"2015-12-18T20:18:23","slug":"reunion-con-los-jovenes-del-municipio","status":"publish","type":"post","link":"https:\/\/www.ayuntamientodeharia.com\/haria\/reunion-con-los-jovenes-del-municipio\/","title":{"rendered":"Reuni\u00f3n con los j\u00f3venes del municipio"},"content":{"rendered":"<p>La Concejal\u00eda de Juventud, coordinada por Ivens Hern\u00e1ndez, convoca a los j\u00f3venes del municipio que deseen colaborar y participar en la cabalgata de Reyes a una reuni\u00f3n que tendr\u00e1 lugar el mi\u00e9rcoles, 23 de diciembre, a las 20:30 horas, en el Centro Sociocultural La Tegala de Har\u00eda.<\/p>\n","protected":false},"excerpt":{"rendered":"<p>La Concejal\u00eda de Juventud, coordinada por Ivens Hern\u00e1ndez, convoca a los j\u00f3venes del municipio que deseen colaborar y participar en la cabalgata de Reyes a una reuni\u00f3n que tendr\u00e1 lugar el mi\u00e9rcoles, 23 de diciembre, a las 20:30 horas, en el Centro Sociocultural La Tegala de Har\u00eda.<\/p>\n","protected":false},"author":2,"featured_media":0,"comment_status":"closed","ping_status":"closed","sticky":false,"template":"","format":"standard","meta":{"footnotes":""},"categories":[11,25],"tags":[],"class_list":["post-3246","post","type-post","status-publish","format-standard","hentry","category-hoja-de-haria","category-juventud"],"_links":{"self":[{"href":"https:\/\/www.ayuntamientodeharia.com\/haria\/wp-json\/wp\/v2\/posts\/3246","targetHints":{"allow":["GET"]}}],"collection":[{"href":"https:\/\/www.ayuntamientodeharia.com\/haria\/wp-json\/wp\/v2\/posts"}],"about":[{"href":"https:\/\/www.ayuntamientodeharia.com\/haria\/wp-json\/wp\/v2\/types\/post"}],"author":[{"embeddable":true,"href":"https:\/\/www.ayuntamientodeharia.com\/haria\/wp-json\/wp\/v2\/users\/2"}],"replies":[{"embeddable":true,"href":"https:\/\/www.ayuntamientodeharia.com\/haria\/wp-json\/wp\/v2\/comments?post=3246"}],"version-history":[{"count":0,"href":"https:\/\/www.ayuntamientodeharia.com\/haria\/wp-json\/wp\/v2\/posts\/3246\/revisions"}],"wp:attachment":[{"href":"https:\/\/www.ayuntamientodeharia.com\/haria\/wp-json\/wp\/v2\/media?parent=3246"}],"wp:term":[{"taxonomy":"category","embeddable":true,"href":"https:\/\/www.ayuntamientodeharia.com\/haria\/wp-json\/wp\/v2\/categories?post=3246"},{"taxonomy":"post_tag","embeddable":true,"href":"https:\/\/www.ayuntamientodeharia.com\/haria\/wp-json\/wp\/v2\/tags?post=3246"}],"curies":[{"name":"wp","href":"https:\/\/api.w.org\/{rel}","templated":true}]}}