{"id":32456,"date":"2025-02-28T13:54:15","date_gmt":"2025-02-28T13:54:15","guid":{"rendered":"https:\/\/www.ayuntamientodeharia.com\/haria\/?p=32456"},"modified":"2025-02-28T13:54:15","modified_gmt":"2025-02-28T13:54:15","slug":"haria-presenta-la-obra-de-teatro-las-treces-rosas-de-estibaliz-nunez-con-motivo-del-8m","status":"publish","type":"post","link":"https:\/\/www.ayuntamientodeharia.com\/haria\/haria-presenta-la-obra-de-teatro-las-treces-rosas-de-estibaliz-nunez-con-motivo-del-8m\/","title":{"rendered":"Har\u00eda presenta la obra de teatro \u2018Las Treces Rosas\u2019 de Est\u00edbaliz N\u00fa\u00f1ez con motivo del 8M"},"content":{"rendered":"<p><span style=\"font-weight: 400;\">El Ayuntamiento de Har\u00eda, a trav\u00e9s de las \u00e1reas de Igualdad y Cultura, presenta con motivo de la celebraci\u00f3n del D\u00eda Intencional de la Mujer, el 8 de marzo, la obra teatral \u2018Las Trece Rosas\u2019, un espect\u00e1culo que fusiona disciplinas como el flamenco, la danza, el canto y la m\u00fasica cl\u00e1sica.\u00a0<\/span><\/p>\n<p><span style=\"font-weight: 400;\">Este teatro ha sido nominado al Mejor Espect\u00e1culo Revelaci\u00f3n 2023 de los Premios Lorca y candidato a los XXVI Premios Max de las Artes Esc\u00e9nicas al mejor espect\u00e1culo revelaci\u00f3n, mejor autor\u00eda revelaci\u00f3n y mejor labor de producci\u00f3n. Su autora Est\u00edbaliz N\u00fa\u00f1ez fue premiada con el premio Ub\u00fa Rey de escritura dram\u00e1tica por esta obra.<\/span><\/p>\n<p><span style=\"font-weight: 400;\">El evento tendr\u00e1 lugar el domingo, 9 de marzo, a las 20:00 horas, en la sala teatro La Telaga de Har\u00eda. Las entradas estar\u00e1n disponibles a partir de este viernes, 28 de febrero a trav\u00e9s de la p\u00e1gina web <\/span><a href=\"https:\/\/culturedharia.com\/events\/las-trece-rosas\/\"><span style=\"font-weight: 400;\">https:\/\/culturedharia.com\/events\/las-trece-rosas\/<\/span><\/a><\/p>\n","protected":false},"excerpt":{"rendered":"<p>El Ayuntamiento de Har\u00eda, a trav\u00e9s de las \u00e1reas de Igualdad y Cultura, presenta con motivo de la celebraci\u00f3n del D\u00eda Intencional de la Mujer, el 8 de marzo, la obra teatral \u2018Las Trece Rosas\u2019, un espect\u00e1culo que fusiona disciplinas como el flamenco, la danza, el canto y la m\u00fasica cl\u00e1sica.\u00a0 Este teatro ha sido [&hellip;]<\/p>\n","protected":false},"author":13,"featured_media":32457,"comment_status":"closed","ping_status":"closed","sticky":false,"template":"","format":"standard","meta":{"footnotes":""},"categories":[16,30],"tags":[],"class_list":["post-32456","post","type-post","status-publish","format-standard","has-post-thumbnail","hentry","category-cultura","category-igualdad"],"_links":{"self":[{"href":"https:\/\/www.ayuntamientodeharia.com\/haria\/wp-json\/wp\/v2\/posts\/32456","targetHints":{"allow":["GET"]}}],"collection":[{"href":"https:\/\/www.ayuntamientodeharia.com\/haria\/wp-json\/wp\/v2\/posts"}],"about":[{"href":"https:\/\/www.ayuntamientodeharia.com\/haria\/wp-json\/wp\/v2\/types\/post"}],"author":[{"embeddable":true,"href":"https:\/\/www.ayuntamientodeharia.com\/haria\/wp-json\/wp\/v2\/users\/13"}],"replies":[{"embeddable":true,"href":"https:\/\/www.ayuntamientodeharia.com\/haria\/wp-json\/wp\/v2\/comments?post=32456"}],"version-history":[{"count":1,"href":"https:\/\/www.ayuntamientodeharia.com\/haria\/wp-json\/wp\/v2\/posts\/32456\/revisions"}],"predecessor-version":[{"id":32458,"href":"https:\/\/www.ayuntamientodeharia.com\/haria\/wp-json\/wp\/v2\/posts\/32456\/revisions\/32458"}],"wp:featuredmedia":[{"embeddable":true,"href":"https:\/\/www.ayuntamientodeharia.com\/haria\/wp-json\/wp\/v2\/media\/32457"}],"wp:attachment":[{"href":"https:\/\/www.ayuntamientodeharia.com\/haria\/wp-json\/wp\/v2\/media?parent=32456"}],"wp:term":[{"taxonomy":"category","embeddable":true,"href":"https:\/\/www.ayuntamientodeharia.com\/haria\/wp-json\/wp\/v2\/categories?post=32456"},{"taxonomy":"post_tag","embeddable":true,"href":"https:\/\/www.ayuntamientodeharia.com\/haria\/wp-json\/wp\/v2\/tags?post=32456"}],"curies":[{"name":"wp","href":"https:\/\/api.w.org\/{rel}","templated":true}]}}