{"id":32450,"date":"2025-02-28T13:51:33","date_gmt":"2025-02-28T13:51:33","guid":{"rendered":"https:\/\/www.ayuntamientodeharia.com\/haria\/?p=32450"},"modified":"2025-02-28T13:51:33","modified_gmt":"2025-02-28T13:51:33","slug":"presentacion-del-libro-parabere-de-andrea-cabrera-y-aldo-garcia","status":"publish","type":"post","link":"https:\/\/www.ayuntamientodeharia.com\/haria\/presentacion-del-libro-parabere-de-andrea-cabrera-y-aldo-garcia\/","title":{"rendered":"Presentaci\u00f3n del libro \u2018Parabere\u2019 de Andrea Cabrera y Aldo Garc\u00eda"},"content":{"rendered":"<p><span style=\"font-weight: 400;\">Como parte del proyecto \u2018Har\u00eda una vez\u2026\u2019, este s\u00e1bado, 1 de marzo, a las 12:00 horas, en la sala de exposiciones El Aljibe, tendr\u00e1 lugar la presentaci\u00f3n del libro \u2018Parabere\u2019 de Andrea Cabrera y Aldo Garc\u00eda.<\/span><\/p>\n<p><span style=\"font-weight: 400;\">Esta novela, que qued\u00f3 finalista en el Premio de Novela Caf\u00e9 Gij\u00f3n 2024, nos traslada a la vida de una familia, pero sobre todo de una mujer excepcional, que va a contracorriente de lo que era el papel destinado a una mujer en la primera mitad del siglo pasado, determinada a llevar a cabo un gran proyecto personal y empresarial.\u00a0<\/span><\/p>\n<p><span style=\"font-weight: 400;\">La entrada es libre y gratuita. <\/span><\/p>\n","protected":false},"excerpt":{"rendered":"<p>Como parte del proyecto \u2018Har\u00eda una vez\u2026\u2019, este s\u00e1bado, 1 de marzo, a las 12:00 horas, en la sala de exposiciones El Aljibe, tendr\u00e1 lugar la presentaci\u00f3n del libro \u2018Parabere\u2019 de Andrea Cabrera y Aldo Garc\u00eda. Esta novela, que qued\u00f3 finalista en el Premio de Novela Caf\u00e9 Gij\u00f3n 2024, nos traslada a la vida de [&hellip;]<\/p>\n","protected":false},"author":13,"featured_media":32451,"comment_status":"closed","ping_status":"closed","sticky":false,"template":"","format":"standard","meta":{"footnotes":""},"categories":[16],"tags":[],"class_list":["post-32450","post","type-post","status-publish","format-standard","has-post-thumbnail","hentry","category-cultura"],"_links":{"self":[{"href":"https:\/\/www.ayuntamientodeharia.com\/haria\/wp-json\/wp\/v2\/posts\/32450","targetHints":{"allow":["GET"]}}],"collection":[{"href":"https:\/\/www.ayuntamientodeharia.com\/haria\/wp-json\/wp\/v2\/posts"}],"about":[{"href":"https:\/\/www.ayuntamientodeharia.com\/haria\/wp-json\/wp\/v2\/types\/post"}],"author":[{"embeddable":true,"href":"https:\/\/www.ayuntamientodeharia.com\/haria\/wp-json\/wp\/v2\/users\/13"}],"replies":[{"embeddable":true,"href":"https:\/\/www.ayuntamientodeharia.com\/haria\/wp-json\/wp\/v2\/comments?post=32450"}],"version-history":[{"count":1,"href":"https:\/\/www.ayuntamientodeharia.com\/haria\/wp-json\/wp\/v2\/posts\/32450\/revisions"}],"predecessor-version":[{"id":32452,"href":"https:\/\/www.ayuntamientodeharia.com\/haria\/wp-json\/wp\/v2\/posts\/32450\/revisions\/32452"}],"wp:featuredmedia":[{"embeddable":true,"href":"https:\/\/www.ayuntamientodeharia.com\/haria\/wp-json\/wp\/v2\/media\/32451"}],"wp:attachment":[{"href":"https:\/\/www.ayuntamientodeharia.com\/haria\/wp-json\/wp\/v2\/media?parent=32450"}],"wp:term":[{"taxonomy":"category","embeddable":true,"href":"https:\/\/www.ayuntamientodeharia.com\/haria\/wp-json\/wp\/v2\/categories?post=32450"},{"taxonomy":"post_tag","embeddable":true,"href":"https:\/\/www.ayuntamientodeharia.com\/haria\/wp-json\/wp\/v2\/tags?post=32450"}],"curies":[{"name":"wp","href":"https:\/\/api.w.org\/{rel}","templated":true}]}}