{"id":3244,"date":"2015-12-18T20:17:08","date_gmt":"2015-12-18T20:17:08","guid":{"rendered":"http:\/\/www.ayuntamientodeharia.com\/haria\/?p=3244"},"modified":"2015-12-18T20:17:24","modified_gmt":"2015-12-18T20:17:24","slug":"excursion-por-la-isla-para-visitar-los-belenes","status":"publish","type":"post","link":"https:\/\/www.ayuntamientodeharia.com\/haria\/excursion-por-la-isla-para-visitar-los-belenes\/","title":{"rendered":"Excursi\u00f3n por la Isla para visitar los Belenes"},"content":{"rendered":"<p>El Ayuntamiento de Har\u00eda, a trav\u00e9s de la Concejal\u00eda de Cultura, organiza una excursi\u00f3n el domingo, 27 de diciembre, para que los vecinos del municipio que lo deseen puedan conocer los Belenes m\u00e1s caracter\u00edsticos de la Isla.<\/p>\n<p>&nbsp;<\/p>\n<p>Las personas interesadas en asistir deber\u00e1n inscribirse, antes del mi\u00e9rcoles, 23 de diciembre, en el Centro de la Tercera Edad de Har\u00eda o en el Departamento de Cultura del Ayuntamiento y abonar 12 euros los adultos y 6 euros los ni\u00f1os menores de 12 a\u00f1os. Se pondr\u00e1 a disposici\u00f3n de los asistentes dos guaguas que saldr\u00e1n a las 09:00 horas desde la parada de Har\u00eda y de Punta Mujeres, respectivamente.<\/p>\n<p><!--more--><\/p>\n<p>Para solicitar m\u00e1s informaci\u00f3n sobre el recorrido o recibir cualquier otra aclaraci\u00f3n sobre la excursi\u00f3n deben llamar al Centro de la Tercera Edad, en el tel\u00e9fono 928 835 633, o al Departamento de Cultura marcando el 928 835 251 o el 928 835 300.<\/p>\n","protected":false},"excerpt":{"rendered":"<p>El Ayuntamiento de Har\u00eda, a trav\u00e9s de la Concejal\u00eda de Cultura, organiza una excursi\u00f3n el domingo, 27 de diciembre, para que los vecinos del municipio que lo deseen puedan conocer los Belenes m\u00e1s caracter\u00edsticos de la Isla. &nbsp; Las personas interesadas en asistir deber\u00e1n inscribirse, antes del mi\u00e9rcoles, 23 de diciembre, en el Centro de [&hellip;]<\/p>\n","protected":false},"author":2,"featured_media":0,"comment_status":"closed","ping_status":"closed","sticky":false,"template":"","format":"standard","meta":{"footnotes":""},"categories":[16,11],"tags":[],"class_list":["post-3244","post","type-post","status-publish","format-standard","hentry","category-cultura","category-hoja-de-haria"],"_links":{"self":[{"href":"https:\/\/www.ayuntamientodeharia.com\/haria\/wp-json\/wp\/v2\/posts\/3244","targetHints":{"allow":["GET"]}}],"collection":[{"href":"https:\/\/www.ayuntamientodeharia.com\/haria\/wp-json\/wp\/v2\/posts"}],"about":[{"href":"https:\/\/www.ayuntamientodeharia.com\/haria\/wp-json\/wp\/v2\/types\/post"}],"author":[{"embeddable":true,"href":"https:\/\/www.ayuntamientodeharia.com\/haria\/wp-json\/wp\/v2\/users\/2"}],"replies":[{"embeddable":true,"href":"https:\/\/www.ayuntamientodeharia.com\/haria\/wp-json\/wp\/v2\/comments?post=3244"}],"version-history":[{"count":0,"href":"https:\/\/www.ayuntamientodeharia.com\/haria\/wp-json\/wp\/v2\/posts\/3244\/revisions"}],"wp:attachment":[{"href":"https:\/\/www.ayuntamientodeharia.com\/haria\/wp-json\/wp\/v2\/media?parent=3244"}],"wp:term":[{"taxonomy":"category","embeddable":true,"href":"https:\/\/www.ayuntamientodeharia.com\/haria\/wp-json\/wp\/v2\/categories?post=3244"},{"taxonomy":"post_tag","embeddable":true,"href":"https:\/\/www.ayuntamientodeharia.com\/haria\/wp-json\/wp\/v2\/tags?post=3244"}],"curies":[{"name":"wp","href":"https:\/\/api.w.org\/{rel}","templated":true}]}}