{"id":3239,"date":"2015-12-18T20:14:30","date_gmt":"2015-12-18T20:14:30","guid":{"rendered":"http:\/\/www.ayuntamientodeharia.com\/haria\/?p=3239"},"modified":"2015-12-24T00:35:18","modified_gmt":"2015-12-24T00:35:18","slug":"programa-de-fiestas-de-navidad-y-reyes-de-haria-2","status":"publish","type":"post","link":"https:\/\/www.ayuntamientodeharia.com\/haria\/programa-de-fiestas-de-navidad-y-reyes-de-haria-2\/","title":{"rendered":"Programa de Fiestas de Navidad y Reyes de Har\u00eda"},"content":{"rendered":"<p><a href=\"http:\/\/www.ayuntamientodeharia.com\/haria\/?wpfb_dl=585\">Descargar Programa en PDF<\/a><\/p>\n<p>&nbsp;<\/p>\n<p><strong style=\"font-weight: bold; font-style: inherit; color: inherit;\">Viernes, 18 de diciembre<\/strong><\/p>\n<p>19:00 h.- Inauguraci\u00f3n de la exposici\u00f3n de pintura de los trabajos presentados en el Concurso de Pintura de Invierno, en el CSC La Tegala de Har\u00eda.<\/p>\n<p>20:00 h.- Cantos a la Navidad con La Parranda de la Tercera Edad, la Escuela de Folclore y el Colectivo Musical de Navidad.<\/p>\n<p>&nbsp;<\/p>\n<p><strong style=\"font-weight: bold; font-style: inherit; color: inherit;\">S\u00e1bado, 19 de diciembre<\/strong><\/p>\n<p>12:00 h.- Actuaci\u00f3n Musical en el Mercado Artesanal con la Escuela de Folclore de Har\u00eda.<\/p>\n<p>20:00 h.- Encuentro de Corales en el Iglesia de Ntra. Sra. de la Encarnaci\u00f3n: Coral Polif\u00f3nica Villa de Teguise, Coral Polif\u00f3nica Vulcania y Coro C\u00e1mara de Giovanni Bardi.<\/p>\n<p><!--more--><\/p>\n<p><strong style=\"font-weight: bold; font-style: inherit; color: inherit;\">Lunes, 21 de diciembre<\/strong><\/p>\n<p>17:00 a 19:30 h.- para adultos de centros de flores naturales. Decora tu mesa para las Fiestas en el CSC La Tegala de Har\u00eda. Plazo de inscripci\u00f3n hasta el viernes, 19 de diciembre. Coste del mismo 10 euros, plazas limitadas.<\/p>\n<p>&nbsp;<\/p>\n<p><strong style=\"font-weight: bold; font-style: inherit; color: inherit;\">Martes, 22 de diciembre<\/strong><\/p>\n<p>10:00 h.- Visita del Paje de SSMM los Reyes Magos de Oriente a los colegios del municipio.<\/p>\n<p>17:00 a 19:30 h.- Continuaci\u00f3n del taller para adultos de centros de flores naturales.<\/p>\n<p>&nbsp;<\/p>\n<p><strong style=\"font-weight: bold; font-style: inherit; color: inherit;\">Jueves, 24 de diciembre<\/strong><\/p>\n<p>24:00 h.- Misa del Gallo, con exposici\u00f3n de versos cantada por el Rancho de Pascua. A continuaci\u00f3n, Baile en el CSC La Tegala con DJ Furre y el grupo Los Conejeros.<\/p>\n<p>&nbsp;<\/p>\n<p><strong style=\"font-weight: bold; font-style: inherit; color: inherit;\">S\u00e1bado, 26 de diciembre<\/strong><\/p>\n<p>11.00 h.- Actuaci\u00f3n Musical en el Mercado Artesanal.<\/p>\n<p>12:00 h.- Musical Infantil \u2018El Hada Diana en el Bosque Musical\u2019 en el CSC La Tegala.<\/p>\n<p>20:30 h.- Espect\u00e1culo musical \u2018Andanzas\u201d. Historia de cinco cuerdas, creado y dirigido por Gabriel Garc\u00eda. Entrega del premio del Concurso de Pintura de invierno y de Belenes Caseros.<\/p>\n<p>&nbsp;<\/p>\n<p><strong style=\"font-weight: bold; font-style: inherit; color: inherit;\">Domingo, 27 de diciembre<\/strong><\/p>\n<p>09:00 h.- Salida de la excursi\u00f3n para los vecinos del municipio (ni\u00f1os, j\u00f3venes, mayores, todos en familia) para visitar los Belenes de la Isla, con almuerzo incluido. Salida desde la Plaza de Har\u00eda pasando por los distintos pueblos. Informaci\u00f3n e inscripci\u00f3n en el Departamento de Cultura y Centro de la Tercera Edad, antes del martes, 23 de diciembre.<\/p>\n<p>&nbsp;<\/p>\n<p><strong style=\"font-weight: bold; font-style: inherit; color: inherit;\">Lunes 28, martes 29 y mi\u00e9rcoles, 30 de diciembre<\/strong><\/p>\n<p><a style=\"font-weight: inherit; font-style: inherit; color: #1b8be0;\" href=\"http:\/\/www.ayuntamientodeharia.com\/haria\/wp-content\/uploads\/2015\/12\/navidad-2.jpg\"><img fetchpriority=\"high\" decoding=\"async\" class=\"alignleft size-medium wp-image-3173\" style=\"font-weight: inherit; font-style: inherit; color: inherit;\" src=\"http:\/\/www.ayuntamientodeharia.com\/haria\/wp-content\/uploads\/2015\/12\/navidad-2-300x199.jpg\" alt=\"navidad 2\" width=\"300\" height=\"199\" srcset=\"https:\/\/www.ayuntamientodeharia.com\/haria\/wp-content\/uploads\/2015\/12\/navidad-2-300x199.jpg 300w, https:\/\/www.ayuntamientodeharia.com\/haria\/wp-content\/uploads\/2015\/12\/navidad-2.jpg 320w\" sizes=\"(max-width: 300px) 100vw, 300px\" \/><\/a>17:00 a 19:00 h.- Taller Infantil de Manualidades, con motivo de la Navidad, en el CSC La Tegala de Har\u00eda.<\/p>\n<p>&nbsp;<\/p>\n<p><span style=\"text-decoration: underline;\"><strong style=\"font-weight: bold; font-style: inherit; color: inherit;\">IX Edici\u00f3n del Festival de Circo Teatro \u2018MalabHar\u00eda\u2019: 2, 3 y 4 de enero<\/strong><\/span><\/p>\n<p><strong style=\"font-weight: bold; font-style: inherit; color: inherit;\">S\u00e1bado, 2 de enero<\/strong><\/p>\n<p>12:30 h. &#8211; La Banda de Otro (Espa\u00f1a). Plaza de Har\u00eda.<\/p>\n<p>16:30 a 20:00 h.- Rastro de Navidad.<\/p>\n<p>20:30 h. &#8211; Gala Presentaci\u00f3n. Terrero de Lucha de Har\u00eda. Kerol presenta:<\/p>\n<p>1. La Banda de Otro (Espa\u00f1a)<\/p>\n<p>2. Infoncundibles (malabares, Espa\u00f1a)<\/p>\n<p>3. NueveUno (malabares, Espa\u00f1a)<\/p>\n<p>4. Mini (equilibrios sobre sillas, Espa\u00f1a)<\/p>\n<p>&nbsp;<\/p>\n<p><strong style=\"font-weight: bold; font-style: inherit; color: inherit;\">Domingo, 3 de enero<\/strong><\/p>\n<p>16:30 a 20:00 h.- Rastro de Navidad.<\/p>\n<p>17:30 h. &#8211; Mini \u2018M\u00ednimo\u2019 (acrobacias, Espa\u00f1a). Plaza de Har\u00eda.<\/p>\n<p>20:30 h. &#8211; NueveUno \u2018Sinergia\u2019 (Espa\u00f1a). Terrero de Lucha de Har\u00eda.<\/p>\n<p>&nbsp;<\/p>\n<p><strong style=\"font-weight: bold; font-style: inherit; color: inherit;\">Lunes, 4 de enero<\/strong><\/p>\n<p>16:30 a 20:00 h.- Rastro de Navidad.<\/p>\n<p>17:30 h.- Hermanos Infoncundibles \u2018Que raro, verdad?\u2019 (Espa\u00f1a). Plaza de Har\u00eda.<\/p>\n<p>18:30 h.- Visita del Paje de SSMM Los Reyes Magos de Oriente para la recogida de cartas en el CSC La Tegala.<\/p>\n<p>20:30 h. &#8211; Gala de cierre. Terrero de Lucha de Har\u00eda. Kerol presenta:<\/p>\n<p>1. Emiliano Ron (cuerda vertical, Argentina)<\/p>\n<p>2. Silver (malabares, Espa\u00f1a)<\/p>\n<p>3. Lidya G\u00f3mez (straps, Espa\u00f1a)<\/p>\n<p>4. Antonio Vargas (verticales, Espa\u00f1a)<\/p>\n<p>5. Fernando Posse (pelotas de rebote, Argentina)<\/p>\n<p>6.- Alexandeer Weibel (equilibrios, Suecia)<\/p>\n<p>&nbsp;<\/p>\n<p><strong style=\"font-weight: bold; font-style: inherit; color: inherit;\">Martes, 5 de enero<\/strong><\/p>\n<p>16:00 h.- Espect\u00e1culo infantil en el Muelle de \u00d3rzola a la espera de la llegada de SSMM los Reyes Magos de Oriente. A continuaci\u00f3n, visita de los Reyes por los diferentes pueblos de municipio.<\/p>\n<p>20:00 h.- Tradicional Cabalgata de Reyes por las calle de Har\u00eda, con la representaci\u00f3n de la Casa de Herodes, finalizando con reparto de regalos en la Plaza de Har\u00eda.<\/p>\n","protected":false},"excerpt":{"rendered":"<p>Descargar Programa en PDF &nbsp; Viernes, 18 de diciembre 19:00 h.- Inauguraci\u00f3n de la exposici\u00f3n de pintura de los trabajos presentados en el Concurso de Pintura de Invierno, en el CSC La Tegala de Har\u00eda. 20:00 h.- Cantos a la Navidad con La Parranda de la Tercera Edad, la Escuela de Folclore y el Colectivo [&hellip;]<\/p>\n","protected":false},"author":2,"featured_media":3199,"comment_status":"closed","ping_status":"closed","sticky":false,"template":"","format":"standard","meta":{"footnotes":""},"categories":[16,15,11],"tags":[],"class_list":["post-3239","post","type-post","status-publish","format-standard","has-post-thumbnail","hentry","category-cultura","category-festejos","category-hoja-de-haria"],"_links":{"self":[{"href":"https:\/\/www.ayuntamientodeharia.com\/haria\/wp-json\/wp\/v2\/posts\/3239","targetHints":{"allow":["GET"]}}],"collection":[{"href":"https:\/\/www.ayuntamientodeharia.com\/haria\/wp-json\/wp\/v2\/posts"}],"about":[{"href":"https:\/\/www.ayuntamientodeharia.com\/haria\/wp-json\/wp\/v2\/types\/post"}],"author":[{"embeddable":true,"href":"https:\/\/www.ayuntamientodeharia.com\/haria\/wp-json\/wp\/v2\/users\/2"}],"replies":[{"embeddable":true,"href":"https:\/\/www.ayuntamientodeharia.com\/haria\/wp-json\/wp\/v2\/comments?post=3239"}],"version-history":[{"count":0,"href":"https:\/\/www.ayuntamientodeharia.com\/haria\/wp-json\/wp\/v2\/posts\/3239\/revisions"}],"wp:featuredmedia":[{"embeddable":true,"href":"https:\/\/www.ayuntamientodeharia.com\/haria\/wp-json\/wp\/v2\/media\/3199"}],"wp:attachment":[{"href":"https:\/\/www.ayuntamientodeharia.com\/haria\/wp-json\/wp\/v2\/media?parent=3239"}],"wp:term":[{"taxonomy":"category","embeddable":true,"href":"https:\/\/www.ayuntamientodeharia.com\/haria\/wp-json\/wp\/v2\/categories?post=3239"},{"taxonomy":"post_tag","embeddable":true,"href":"https:\/\/www.ayuntamientodeharia.com\/haria\/wp-json\/wp\/v2\/tags?post=3239"}],"curies":[{"name":"wp","href":"https:\/\/api.w.org\/{rel}","templated":true}]}}