{"id":32338,"date":"2025-01-24T16:04:03","date_gmt":"2025-01-24T16:04:03","guid":{"rendered":"https:\/\/www.ayuntamientodeharia.com\/haria\/?p=32338"},"modified":"2025-01-24T16:04:03","modified_gmt":"2025-01-24T16:04:03","slug":"presentacion-del-libro-la-cultura-del-volcan-como-timanfaya-cambio-la-historia-de-lanzarote","status":"publish","type":"post","link":"https:\/\/www.ayuntamientodeharia.com\/haria\/presentacion-del-libro-la-cultura-del-volcan-como-timanfaya-cambio-la-historia-de-lanzarote\/","title":{"rendered":"Presentaci\u00f3n del libro \u2018La cultura del volc\u00e1n. C\u00f3mo Timanfaya cambi\u00f3 la historia de Lanzarote\u2019\u00a0"},"content":{"rendered":"<p><span style=\"font-weight: 400;\">Como parte del proyecto \u2018Har\u00eda una vez\u2026\u2019 este s\u00e1bado, 25 de enero se presentar\u00e1 el libro &#8216;La cultura del volc\u00e1n. C\u00f3mo Timanfaya cambi\u00f3 la historia de Lanzarote\u2019, de Jos\u00e9 de Le\u00f3n Hern\u00e1ndez.\u00a0<\/span><\/p>\n<p><span style=\"font-weight: 400;\">El historiador y arque\u00f3logo, tras d\u00e9cadas de investigaci\u00f3n, explora c\u00f3mo las erupciones del siglo XVIII no solo modificaron el paisaje, sino tambi\u00e9n la cultura y la historia de la isla. El libro, editado por Ediciones Remotas con el apoyo del Parque Nacional de Timanfaya, detalla la adaptaci\u00f3n de la poblaci\u00f3n al nuevo territorio volc\u00e1nico, afectando \u00e1reas como la agricultura, la arquitectura, la religi\u00f3n y el lenguaje.\u00a0<\/span><\/p>\n<p><span style=\"font-weight: 400;\">Esta presentaci\u00f3n ser\u00e1 una oportunidad \u00fanica para conocer m\u00e1s sobre este proceso de transformaci\u00f3n de Lanzarote.<\/span><\/p>\n","protected":false},"excerpt":{"rendered":"<p>Como parte del proyecto \u2018Har\u00eda una vez\u2026\u2019 este s\u00e1bado, 25 de enero se presentar\u00e1 el libro &#8216;La cultura del volc\u00e1n. C\u00f3mo Timanfaya cambi\u00f3 la historia de Lanzarote\u2019, de Jos\u00e9 de Le\u00f3n Hern\u00e1ndez.\u00a0 El historiador y arque\u00f3logo, tras d\u00e9cadas de investigaci\u00f3n, explora c\u00f3mo las erupciones del siglo XVIII no solo modificaron el paisaje, sino tambi\u00e9n la [&hellip;]<\/p>\n","protected":false},"author":13,"featured_media":32333,"comment_status":"closed","ping_status":"closed","sticky":false,"template":"","format":"standard","meta":{"footnotes":""},"categories":[16],"tags":[],"class_list":["post-32338","post","type-post","status-publish","format-standard","has-post-thumbnail","hentry","category-cultura"],"_links":{"self":[{"href":"https:\/\/www.ayuntamientodeharia.com\/haria\/wp-json\/wp\/v2\/posts\/32338","targetHints":{"allow":["GET"]}}],"collection":[{"href":"https:\/\/www.ayuntamientodeharia.com\/haria\/wp-json\/wp\/v2\/posts"}],"about":[{"href":"https:\/\/www.ayuntamientodeharia.com\/haria\/wp-json\/wp\/v2\/types\/post"}],"author":[{"embeddable":true,"href":"https:\/\/www.ayuntamientodeharia.com\/haria\/wp-json\/wp\/v2\/users\/13"}],"replies":[{"embeddable":true,"href":"https:\/\/www.ayuntamientodeharia.com\/haria\/wp-json\/wp\/v2\/comments?post=32338"}],"version-history":[{"count":1,"href":"https:\/\/www.ayuntamientodeharia.com\/haria\/wp-json\/wp\/v2\/posts\/32338\/revisions"}],"predecessor-version":[{"id":32339,"href":"https:\/\/www.ayuntamientodeharia.com\/haria\/wp-json\/wp\/v2\/posts\/32338\/revisions\/32339"}],"wp:featuredmedia":[{"embeddable":true,"href":"https:\/\/www.ayuntamientodeharia.com\/haria\/wp-json\/wp\/v2\/media\/32333"}],"wp:attachment":[{"href":"https:\/\/www.ayuntamientodeharia.com\/haria\/wp-json\/wp\/v2\/media?parent=32338"}],"wp:term":[{"taxonomy":"category","embeddable":true,"href":"https:\/\/www.ayuntamientodeharia.com\/haria\/wp-json\/wp\/v2\/categories?post=32338"},{"taxonomy":"post_tag","embeddable":true,"href":"https:\/\/www.ayuntamientodeharia.com\/haria\/wp-json\/wp\/v2\/tags?post=32338"}],"curies":[{"name":"wp","href":"https:\/\/api.w.org\/{rel}","templated":true}]}}