{"id":3226,"date":"2015-12-18T19:59:06","date_gmt":"2015-12-18T19:59:06","guid":{"rendered":"http:\/\/www.ayuntamientodeharia.com\/haria\/?p=3226"},"modified":"2015-12-18T20:01:42","modified_gmt":"2015-12-18T20:01:42","slug":"el-rancho-de-pascua-visitara-los-pueblos-del-municipio","status":"publish","type":"post","link":"https:\/\/www.ayuntamientodeharia.com\/haria\/el-rancho-de-pascua-visitara-los-pueblos-del-municipio\/","title":{"rendered":"El Rancho de Pascua visitar\u00e1 los pueblos del municipio"},"content":{"rendered":"<p>El Rancho de Pascua de Har\u00eda, recuperado el pasado a\u00f1o por un grupo de j\u00f3venes, visitar\u00e1 los pr\u00f3ximos d\u00edas los pueblos del municipio con el objetivo de hacer llegar a los vecinos una de las tradiciones musicales m\u00e1s antiguas de Canarias.<\/p>\n<p>&nbsp;<\/p>\n<p>El Rancho de Pascua visitar\u00e1 el 23 de diciembre, partir de las 18:30 horas, los pueblos de M\u00e1guez y Har\u00eda; el 26 de diciembre, a la misma hora, los pueblos de Mala y Tabayesco; el 30 de diciembre, Guinate, \u00d3rzola y Ye; y el 3 de enero, Arrieta y Punta Mujeres.<\/p>\n","protected":false},"excerpt":{"rendered":"<p>El Rancho de Pascua de Har\u00eda, recuperado el pasado a\u00f1o por un grupo de j\u00f3venes, visitar\u00e1 los pr\u00f3ximos d\u00edas los pueblos del municipio con el objetivo de hacer llegar a los vecinos una de las tradiciones musicales m\u00e1s antiguas de Canarias. &nbsp; El Rancho de Pascua visitar\u00e1 el 23 de diciembre, partir de las 18:30 [&hellip;]<\/p>\n","protected":false},"author":2,"featured_media":0,"comment_status":"closed","ping_status":"closed","sticky":false,"template":"","format":"standard","meta":{"footnotes":""},"categories":[16,15,11],"tags":[],"class_list":["post-3226","post","type-post","status-publish","format-standard","hentry","category-cultura","category-festejos","category-hoja-de-haria"],"_links":{"self":[{"href":"https:\/\/www.ayuntamientodeharia.com\/haria\/wp-json\/wp\/v2\/posts\/3226","targetHints":{"allow":["GET"]}}],"collection":[{"href":"https:\/\/www.ayuntamientodeharia.com\/haria\/wp-json\/wp\/v2\/posts"}],"about":[{"href":"https:\/\/www.ayuntamientodeharia.com\/haria\/wp-json\/wp\/v2\/types\/post"}],"author":[{"embeddable":true,"href":"https:\/\/www.ayuntamientodeharia.com\/haria\/wp-json\/wp\/v2\/users\/2"}],"replies":[{"embeddable":true,"href":"https:\/\/www.ayuntamientodeharia.com\/haria\/wp-json\/wp\/v2\/comments?post=3226"}],"version-history":[{"count":0,"href":"https:\/\/www.ayuntamientodeharia.com\/haria\/wp-json\/wp\/v2\/posts\/3226\/revisions"}],"wp:attachment":[{"href":"https:\/\/www.ayuntamientodeharia.com\/haria\/wp-json\/wp\/v2\/media?parent=3226"}],"wp:term":[{"taxonomy":"category","embeddable":true,"href":"https:\/\/www.ayuntamientodeharia.com\/haria\/wp-json\/wp\/v2\/categories?post=3226"},{"taxonomy":"post_tag","embeddable":true,"href":"https:\/\/www.ayuntamientodeharia.com\/haria\/wp-json\/wp\/v2\/tags?post=3226"}],"curies":[{"name":"wp","href":"https:\/\/api.w.org\/{rel}","templated":true}]}}