{"id":32206,"date":"2024-12-13T14:46:13","date_gmt":"2024-12-13T14:46:13","guid":{"rendered":"https:\/\/www.ayuntamientodeharia.com\/haria\/?p=32206"},"modified":"2024-12-13T14:46:13","modified_gmt":"2024-12-13T14:46:13","slug":"haria-instala-senales-en-sus-accesos-contra-la-violencia-de-genero-y-por-la-igualdad","status":"publish","type":"post","link":"https:\/\/www.ayuntamientodeharia.com\/haria\/haria-instala-senales-en-sus-accesos-contra-la-violencia-de-genero-y-por-la-igualdad\/","title":{"rendered":"Har\u00eda instala se\u00f1ales en sus accesos contra la violencia de g\u00e9nero y por la igualdad"},"content":{"rendered":"<p><span style=\"font-weight: 400;\">El Ayuntamiento de Har\u00eda, en su compromiso con la igualdad y la lucha contra la violencia de g\u00e9nero, ha instalado una red de se\u00f1ales en las v\u00edas de acceso al municipio.<\/span><\/p>\n<p><span style=\"font-weight: 400;\">Esta iniciativa busca transmitir de forma clara y visible el mensaje de compromiso en la lucha por la igualdad. De esta manera, Har\u00eda se une a otros municipios que han decidido poner en marcha esta acci\u00f3n simb\u00f3lica, que refuerza la importancia de seguir trabajando cada d\u00eda para erradicar la violencia de g\u00e9nero.<\/span><\/p>\n","protected":false},"excerpt":{"rendered":"<p>El Ayuntamiento de Har\u00eda, en su compromiso con la igualdad y la lucha contra la violencia de g\u00e9nero, ha instalado una red de se\u00f1ales en las v\u00edas de acceso al municipio. Esta iniciativa busca transmitir de forma clara y visible el mensaje de compromiso en la lucha por la igualdad. De esta manera, Har\u00eda se [&hellip;]<\/p>\n","protected":false},"author":13,"featured_media":32198,"comment_status":"closed","ping_status":"closed","sticky":false,"template":"","format":"standard","meta":{"footnotes":""},"categories":[425,30,81],"tags":[],"class_list":["post-32206","post","type-post","status-publish","format-standard","has-post-thumbnail","hentry","category-destacado","category-igualdad","category-municipio"],"_links":{"self":[{"href":"https:\/\/www.ayuntamientodeharia.com\/haria\/wp-json\/wp\/v2\/posts\/32206","targetHints":{"allow":["GET"]}}],"collection":[{"href":"https:\/\/www.ayuntamientodeharia.com\/haria\/wp-json\/wp\/v2\/posts"}],"about":[{"href":"https:\/\/www.ayuntamientodeharia.com\/haria\/wp-json\/wp\/v2\/types\/post"}],"author":[{"embeddable":true,"href":"https:\/\/www.ayuntamientodeharia.com\/haria\/wp-json\/wp\/v2\/users\/13"}],"replies":[{"embeddable":true,"href":"https:\/\/www.ayuntamientodeharia.com\/haria\/wp-json\/wp\/v2\/comments?post=32206"}],"version-history":[{"count":1,"href":"https:\/\/www.ayuntamientodeharia.com\/haria\/wp-json\/wp\/v2\/posts\/32206\/revisions"}],"predecessor-version":[{"id":32207,"href":"https:\/\/www.ayuntamientodeharia.com\/haria\/wp-json\/wp\/v2\/posts\/32206\/revisions\/32207"}],"wp:featuredmedia":[{"embeddable":true,"href":"https:\/\/www.ayuntamientodeharia.com\/haria\/wp-json\/wp\/v2\/media\/32198"}],"wp:attachment":[{"href":"https:\/\/www.ayuntamientodeharia.com\/haria\/wp-json\/wp\/v2\/media?parent=32206"}],"wp:term":[{"taxonomy":"category","embeddable":true,"href":"https:\/\/www.ayuntamientodeharia.com\/haria\/wp-json\/wp\/v2\/categories?post=32206"},{"taxonomy":"post_tag","embeddable":true,"href":"https:\/\/www.ayuntamientodeharia.com\/haria\/wp-json\/wp\/v2\/tags?post=32206"}],"curies":[{"name":"wp","href":"https:\/\/api.w.org\/{rel}","templated":true}]}}