{"id":32200,"date":"2024-12-13T14:40:52","date_gmt":"2024-12-13T14:40:52","guid":{"rendered":"https:\/\/www.ayuntamientodeharia.com\/haria\/?p=32200"},"modified":"2024-12-13T14:40:52","modified_gmt":"2024-12-13T14:40:52","slug":"compra-tus-entradas-para-el-festival-internacional-de-circo-malabharia","status":"publish","type":"post","link":"https:\/\/www.ayuntamientodeharia.com\/haria\/compra-tus-entradas-para-el-festival-internacional-de-circo-malabharia\/","title":{"rendered":"Compra tus entradas para el Festival Internacional de Circo Malabhar\u00eda\u00a0"},"content":{"rendered":"<p><span style=\"font-weight: 400;\">El Festival Internacional de Circo Malabhar\u00eda celebra su 18 edici\u00f3n del 2 al 4 de enero.\u00a0 Las entradas saldr\u00e1n a la venta el pr\u00f3ximo martes, 17 de diciembre, a trav\u00e9s de la siguiente direcci\u00f3n electr\u00f3nica <\/span><a href=\"https:\/\/malabharia.com\/\"><span style=\"font-weight: 400;\">https:\/\/malabharia.com\/<\/span><\/a><span style=\"font-weight: 400;\"> .<\/span><\/p>\n<p><span style=\"font-weight: 400;\">Durante el festival se podr\u00e1 disfrutar de espect\u00e1culos pensados para todas las edades, y tendr\u00e1n lugar en la plaza de Har\u00eda, en la Sala Teatro La Tegala y en el Pabell\u00f3n Municipal de Deportes.<\/span><\/p>\n<p><span style=\"font-weight: 400;\">Los espect\u00e1culos de calle ser\u00e1n gratuitos y no hace falta adquirir entrada.<\/span><\/p>\n","protected":false},"excerpt":{"rendered":"<p>El Festival Internacional de Circo Malabhar\u00eda celebra su 18 edici\u00f3n del 2 al 4 de enero.\u00a0 Las entradas saldr\u00e1n a la venta el pr\u00f3ximo martes, 17 de diciembre, a trav\u00e9s de la siguiente direcci\u00f3n electr\u00f3nica https:\/\/malabharia.com\/ . Durante el festival se podr\u00e1 disfrutar de espect\u00e1culos pensados para todas las edades, y tendr\u00e1n lugar en la [&hellip;]<\/p>\n","protected":false},"author":13,"featured_media":0,"comment_status":"closed","ping_status":"closed","sticky":false,"template":"","format":"standard","meta":{"footnotes":""},"categories":[16,15],"tags":[],"class_list":["post-32200","post","type-post","status-publish","format-standard","hentry","category-cultura","category-festejos"],"_links":{"self":[{"href":"https:\/\/www.ayuntamientodeharia.com\/haria\/wp-json\/wp\/v2\/posts\/32200","targetHints":{"allow":["GET"]}}],"collection":[{"href":"https:\/\/www.ayuntamientodeharia.com\/haria\/wp-json\/wp\/v2\/posts"}],"about":[{"href":"https:\/\/www.ayuntamientodeharia.com\/haria\/wp-json\/wp\/v2\/types\/post"}],"author":[{"embeddable":true,"href":"https:\/\/www.ayuntamientodeharia.com\/haria\/wp-json\/wp\/v2\/users\/13"}],"replies":[{"embeddable":true,"href":"https:\/\/www.ayuntamientodeharia.com\/haria\/wp-json\/wp\/v2\/comments?post=32200"}],"version-history":[{"count":1,"href":"https:\/\/www.ayuntamientodeharia.com\/haria\/wp-json\/wp\/v2\/posts\/32200\/revisions"}],"predecessor-version":[{"id":32201,"href":"https:\/\/www.ayuntamientodeharia.com\/haria\/wp-json\/wp\/v2\/posts\/32200\/revisions\/32201"}],"wp:attachment":[{"href":"https:\/\/www.ayuntamientodeharia.com\/haria\/wp-json\/wp\/v2\/media?parent=32200"}],"wp:term":[{"taxonomy":"category","embeddable":true,"href":"https:\/\/www.ayuntamientodeharia.com\/haria\/wp-json\/wp\/v2\/categories?post=32200"},{"taxonomy":"post_tag","embeddable":true,"href":"https:\/\/www.ayuntamientodeharia.com\/haria\/wp-json\/wp\/v2\/tags?post=32200"}],"curies":[{"name":"wp","href":"https:\/\/api.w.org\/{rel}","templated":true}]}}