{"id":32181,"date":"2024-12-13T14:34:57","date_gmt":"2024-12-13T14:34:57","guid":{"rendered":"https:\/\/www.ayuntamientodeharia.com\/haria\/?p=32181"},"modified":"2024-12-13T14:34:57","modified_gmt":"2024-12-13T14:34:57","slug":"vuelve-el-padel-a-haria","status":"publish","type":"post","link":"https:\/\/www.ayuntamientodeharia.com\/haria\/vuelve-el-padel-a-haria\/","title":{"rendered":"Vuelve el p\u00e1del a Har\u00eda"},"content":{"rendered":"<p><span style=\"font-weight: 400;\">Las canchas de p\u00e1del de Har\u00eda acoger\u00e1n este s\u00e1bado, 14 de diciembre, a las 18:30 horas, un partido en formato de grupos. Se disputar\u00e1n en tres categor\u00edas: masculina, femenina y mixta. Ven a disfrutar de una jornada deportiva llena de acci\u00f3n y compa\u00f1erismo. \u00a1Te esperamos!<\/span><\/p>\n","protected":false},"excerpt":{"rendered":"<p>Las canchas de p\u00e1del de Har\u00eda acoger\u00e1n este s\u00e1bado, 14 de diciembre, a las 18:30 horas, un partido en formato de grupos. Se disputar\u00e1n en tres categor\u00edas: masculina, femenina y mixta. Ven a disfrutar de una jornada deportiva llena de acci\u00f3n y compa\u00f1erismo. \u00a1Te esperamos!<\/p>\n","protected":false},"author":13,"featured_media":32182,"comment_status":"closed","ping_status":"closed","sticky":false,"template":"","format":"standard","meta":{"footnotes":""},"categories":[17],"tags":[],"class_list":["post-32181","post","type-post","status-publish","format-standard","has-post-thumbnail","hentry","category-deportes"],"_links":{"self":[{"href":"https:\/\/www.ayuntamientodeharia.com\/haria\/wp-json\/wp\/v2\/posts\/32181","targetHints":{"allow":["GET"]}}],"collection":[{"href":"https:\/\/www.ayuntamientodeharia.com\/haria\/wp-json\/wp\/v2\/posts"}],"about":[{"href":"https:\/\/www.ayuntamientodeharia.com\/haria\/wp-json\/wp\/v2\/types\/post"}],"author":[{"embeddable":true,"href":"https:\/\/www.ayuntamientodeharia.com\/haria\/wp-json\/wp\/v2\/users\/13"}],"replies":[{"embeddable":true,"href":"https:\/\/www.ayuntamientodeharia.com\/haria\/wp-json\/wp\/v2\/comments?post=32181"}],"version-history":[{"count":1,"href":"https:\/\/www.ayuntamientodeharia.com\/haria\/wp-json\/wp\/v2\/posts\/32181\/revisions"}],"predecessor-version":[{"id":32183,"href":"https:\/\/www.ayuntamientodeharia.com\/haria\/wp-json\/wp\/v2\/posts\/32181\/revisions\/32183"}],"wp:featuredmedia":[{"embeddable":true,"href":"https:\/\/www.ayuntamientodeharia.com\/haria\/wp-json\/wp\/v2\/media\/32182"}],"wp:attachment":[{"href":"https:\/\/www.ayuntamientodeharia.com\/haria\/wp-json\/wp\/v2\/media?parent=32181"}],"wp:term":[{"taxonomy":"category","embeddable":true,"href":"https:\/\/www.ayuntamientodeharia.com\/haria\/wp-json\/wp\/v2\/categories?post=32181"},{"taxonomy":"post_tag","embeddable":true,"href":"https:\/\/www.ayuntamientodeharia.com\/haria\/wp-json\/wp\/v2\/tags?post=32181"}],"curies":[{"name":"wp","href":"https:\/\/api.w.org\/{rel}","templated":true}]}}