{"id":32129,"date":"2024-11-29T15:27:58","date_gmt":"2024-11-29T15:27:58","guid":{"rendered":"https:\/\/www.ayuntamientodeharia.com\/haria\/?p=32129"},"modified":"2024-11-29T15:27:58","modified_gmt":"2024-11-29T15:27:58","slug":"jornada-de-prepoda-en-la-finca-el-raso","status":"publish","type":"post","link":"https:\/\/www.ayuntamientodeharia.com\/haria\/jornada-de-prepoda-en-la-finca-el-raso\/","title":{"rendered":"Jornada de prepoda en la finca El Raso"},"content":{"rendered":"<p><span style=\"font-weight: 400;\">La Asociaci\u00f3n de Amigos del Vino y el Queso de Lanzarote organiza una jornada de prepoda, que tendr\u00e1 lugar el s\u00e1bado 7 de diciembre, a las 09:00 horas, en la finca El Raso, propiedad de los hermanos Santana de Le\u00f3n.\u00a0<\/span><\/p>\n<p><span style=\"font-weight: 400;\">La actividad ser\u00e1 impartida por el en\u00f3logo e ingeniero t\u00e9cnico agr\u00edcola, Alberto Gonz\u00e1lez Plasencia. La asistencia es gratuita y no necesita inscripci\u00f3n previa.<\/span><\/p>\n","protected":false},"excerpt":{"rendered":"<p>La Asociaci\u00f3n de Amigos del Vino y el Queso de Lanzarote organiza una jornada de prepoda, que tendr\u00e1 lugar el s\u00e1bado 7 de diciembre, a las 09:00 horas, en la finca El Raso, propiedad de los hermanos Santana de Le\u00f3n.\u00a0 La actividad ser\u00e1 impartida por el en\u00f3logo e ingeniero t\u00e9cnico agr\u00edcola, Alberto Gonz\u00e1lez Plasencia. La [&hellip;]<\/p>\n","protected":false},"author":13,"featured_media":0,"comment_status":"closed","ping_status":"closed","sticky":false,"template":"","format":"standard","meta":{"footnotes":""},"categories":[81],"tags":[],"class_list":["post-32129","post","type-post","status-publish","format-standard","hentry","category-municipio"],"_links":{"self":[{"href":"https:\/\/www.ayuntamientodeharia.com\/haria\/wp-json\/wp\/v2\/posts\/32129","targetHints":{"allow":["GET"]}}],"collection":[{"href":"https:\/\/www.ayuntamientodeharia.com\/haria\/wp-json\/wp\/v2\/posts"}],"about":[{"href":"https:\/\/www.ayuntamientodeharia.com\/haria\/wp-json\/wp\/v2\/types\/post"}],"author":[{"embeddable":true,"href":"https:\/\/www.ayuntamientodeharia.com\/haria\/wp-json\/wp\/v2\/users\/13"}],"replies":[{"embeddable":true,"href":"https:\/\/www.ayuntamientodeharia.com\/haria\/wp-json\/wp\/v2\/comments?post=32129"}],"version-history":[{"count":1,"href":"https:\/\/www.ayuntamientodeharia.com\/haria\/wp-json\/wp\/v2\/posts\/32129\/revisions"}],"predecessor-version":[{"id":32130,"href":"https:\/\/www.ayuntamientodeharia.com\/haria\/wp-json\/wp\/v2\/posts\/32129\/revisions\/32130"}],"wp:attachment":[{"href":"https:\/\/www.ayuntamientodeharia.com\/haria\/wp-json\/wp\/v2\/media?parent=32129"}],"wp:term":[{"taxonomy":"category","embeddable":true,"href":"https:\/\/www.ayuntamientodeharia.com\/haria\/wp-json\/wp\/v2\/categories?post=32129"},{"taxonomy":"post_tag","embeddable":true,"href":"https:\/\/www.ayuntamientodeharia.com\/haria\/wp-json\/wp\/v2\/tags?post=32129"}],"curies":[{"name":"wp","href":"https:\/\/api.w.org\/{rel}","templated":true}]}}