{"id":3210,"date":"2015-12-12T11:50:45","date_gmt":"2015-12-12T11:50:45","guid":{"rendered":"http:\/\/www.ayuntamientodeharia.com\/haria\/?p=3210"},"modified":"2015-12-12T11:51:17","modified_gmt":"2015-12-12T11:51:17","slug":"los-vecinos-elegiran-la-alegoria-del-carnaval-de-haria-2","status":"publish","type":"post","link":"https:\/\/www.ayuntamientodeharia.com\/haria\/los-vecinos-elegiran-la-alegoria-del-carnaval-de-haria-2\/","title":{"rendered":"Los vecinos elegir\u00e1n la alegor\u00eda del Carnaval de Har\u00eda"},"content":{"rendered":"<p><a href=\"http:\/\/www.ayuntamientodeharia.com\/haria\/wp-content\/uploads\/2015\/12\/alegoria-Carnaval.jpg\"><img decoding=\"async\" class=\"alignleft size-medium wp-image-3179\" src=\"http:\/\/www.ayuntamientodeharia.com\/haria\/wp-content\/uploads\/2015\/12\/alegoria-Carnaval-300x160.jpg\" alt=\"alegoria Carnaval\" width=\"300\" height=\"160\" srcset=\"https:\/\/www.ayuntamientodeharia.com\/haria\/wp-content\/uploads\/2015\/12\/alegoria-Carnaval-300x160.jpg 300w, https:\/\/www.ayuntamientodeharia.com\/haria\/wp-content\/uploads\/2015\/12\/alegoria-Carnaval-1024x547.jpg 1024w, https:\/\/www.ayuntamientodeharia.com\/haria\/wp-content\/uploads\/2015\/12\/alegoria-Carnaval-754x400.jpg 754w, https:\/\/www.ayuntamientodeharia.com\/haria\/wp-content\/uploads\/2015\/12\/alegoria-Carnaval.jpg 1073w\" sizes=\"(max-width: 300px) 100vw, 300px\" \/><\/a>La concejala de Festejos, Soraya Brito, comunica que el Ayuntamiento, en su intenci\u00f3n de implicar a los vecinos del municipio en la organizaci\u00f3n de los actos del Carnaval de 2016, ha decidido ofrecer la posibilidad de que sean estos los que elijan la alegor\u00eda de estas fiestas que se celebrar\u00e1n en el mes de febrero.<\/p>\n<p>&nbsp;<\/p>\n<p>Para ello, los interesados podr\u00e1n entrar en la p\u00e1gina web del Consistorio (<a href=\"http:\/\/www.ayuntamientodeharia.com\/haria\/?p=3120\">http:\/\/www.ayuntamientodeharia.com<\/a>) y escoger entre las tem\u00e1ticas \u2018Lejano Oeste\u2019, \u2018Bosque Encantado\u2019 e \u2018Imperio Romano\u2019, antes del 10 de enero<\/p>\n","protected":false},"excerpt":{"rendered":"<p>La concejala de Festejos, Soraya Brito, comunica que el Ayuntamiento, en su intenci\u00f3n de implicar a los vecinos del municipio en la organizaci\u00f3n de los actos del Carnaval de 2016, ha decidido ofrecer la posibilidad de que sean estos los que elijan la alegor\u00eda de estas fiestas que se celebrar\u00e1n en el mes de febrero. [&hellip;]<\/p>\n","protected":false},"author":2,"featured_media":0,"comment_status":"closed","ping_status":"closed","sticky":false,"template":"","format":"standard","meta":{"footnotes":""},"categories":[15,11],"tags":[],"class_list":["post-3210","post","type-post","status-publish","format-standard","hentry","category-festejos","category-hoja-de-haria"],"_links":{"self":[{"href":"https:\/\/www.ayuntamientodeharia.com\/haria\/wp-json\/wp\/v2\/posts\/3210","targetHints":{"allow":["GET"]}}],"collection":[{"href":"https:\/\/www.ayuntamientodeharia.com\/haria\/wp-json\/wp\/v2\/posts"}],"about":[{"href":"https:\/\/www.ayuntamientodeharia.com\/haria\/wp-json\/wp\/v2\/types\/post"}],"author":[{"embeddable":true,"href":"https:\/\/www.ayuntamientodeharia.com\/haria\/wp-json\/wp\/v2\/users\/2"}],"replies":[{"embeddable":true,"href":"https:\/\/www.ayuntamientodeharia.com\/haria\/wp-json\/wp\/v2\/comments?post=3210"}],"version-history":[{"count":0,"href":"https:\/\/www.ayuntamientodeharia.com\/haria\/wp-json\/wp\/v2\/posts\/3210\/revisions"}],"wp:attachment":[{"href":"https:\/\/www.ayuntamientodeharia.com\/haria\/wp-json\/wp\/v2\/media?parent=3210"}],"wp:term":[{"taxonomy":"category","embeddable":true,"href":"https:\/\/www.ayuntamientodeharia.com\/haria\/wp-json\/wp\/v2\/categories?post=3210"},{"taxonomy":"post_tag","embeddable":true,"href":"https:\/\/www.ayuntamientodeharia.com\/haria\/wp-json\/wp\/v2\/tags?post=3210"}],"curies":[{"name":"wp","href":"https:\/\/api.w.org\/{rel}","templated":true}]}}