{"id":3203,"date":"2015-12-12T11:43:34","date_gmt":"2015-12-12T11:43:34","guid":{"rendered":"http:\/\/www.ayuntamientodeharia.com\/haria\/?p=3203"},"modified":"2015-12-12T11:44:11","modified_gmt":"2015-12-12T11:44:11","slug":"concierto-de-navidad-de-la-escuela-municipal-de-musica-joven-de-haria","status":"publish","type":"post","link":"https:\/\/www.ayuntamientodeharia.com\/haria\/concierto-de-navidad-de-la-escuela-municipal-de-musica-joven-de-haria\/","title":{"rendered":"Concierto de Navidad de la Escuela Municipal de M\u00fasica Joven de Har\u00eda"},"content":{"rendered":"<p><a href=\"http:\/\/www.ayuntamientodeharia.com\/haria\/wp-content\/uploads\/2015\/12\/escuela-de-musica.jpg\"><img decoding=\"async\" class=\"alignleft size-medium wp-image-3170\" src=\"http:\/\/www.ayuntamientodeharia.com\/haria\/wp-content\/uploads\/2015\/12\/escuela-de-musica-300x136.jpg\" alt=\"escuela de musica\" width=\"300\" height=\"136\" srcset=\"https:\/\/www.ayuntamientodeharia.com\/haria\/wp-content\/uploads\/2015\/12\/escuela-de-musica-300x136.jpg 300w, https:\/\/www.ayuntamientodeharia.com\/haria\/wp-content\/uploads\/2015\/12\/escuela-de-musica.jpg 966w\" sizes=\"(max-width: 300px) 100vw, 300px\" \/><\/a>La Escuela Municipal de M\u00fasica Joven de Har\u00eda presenta el s\u00e1bado, 12 de diciembre, y dentro del programa de las Fiestas Navide\u00f1as del Ayuntamiento, su concierto anual de Navidad.<\/p>\n<p>&nbsp;<\/p>\n<p>Los alumnos ofrecer\u00e1n una hora cargada de m\u00fa- sica y mucho sentimiento, mostrando lo que han aprendido en estos primeros meses de curso y sorprendiendo al p\u00fablico con sus capacidades innovadoras y musicales. La actuaci\u00f3n tendr\u00e1 lugar el s\u00e1bado, 12 de diciembre, a las 20:00 horas, en el Sal\u00f3n de actos del Centro Sociocultural La Tegala de Har\u00eda.<\/p>\n","protected":false},"excerpt":{"rendered":"<p>La Escuela Municipal de M\u00fasica Joven de Har\u00eda presenta el s\u00e1bado, 12 de diciembre, y dentro del programa de las Fiestas Navide\u00f1as del Ayuntamiento, su concierto anual de Navidad. &nbsp; Los alumnos ofrecer\u00e1n una hora cargada de m\u00fa- sica y mucho sentimiento, mostrando lo que han aprendido en estos primeros meses de curso y sorprendiendo [&hellip;]<\/p>\n","protected":false},"author":2,"featured_media":0,"comment_status":"closed","ping_status":"closed","sticky":false,"template":"","format":"standard","meta":{"footnotes":""},"categories":[16,11,25],"tags":[],"class_list":["post-3203","post","type-post","status-publish","format-standard","hentry","category-cultura","category-hoja-de-haria","category-juventud"],"_links":{"self":[{"href":"https:\/\/www.ayuntamientodeharia.com\/haria\/wp-json\/wp\/v2\/posts\/3203","targetHints":{"allow":["GET"]}}],"collection":[{"href":"https:\/\/www.ayuntamientodeharia.com\/haria\/wp-json\/wp\/v2\/posts"}],"about":[{"href":"https:\/\/www.ayuntamientodeharia.com\/haria\/wp-json\/wp\/v2\/types\/post"}],"author":[{"embeddable":true,"href":"https:\/\/www.ayuntamientodeharia.com\/haria\/wp-json\/wp\/v2\/users\/2"}],"replies":[{"embeddable":true,"href":"https:\/\/www.ayuntamientodeharia.com\/haria\/wp-json\/wp\/v2\/comments?post=3203"}],"version-history":[{"count":0,"href":"https:\/\/www.ayuntamientodeharia.com\/haria\/wp-json\/wp\/v2\/posts\/3203\/revisions"}],"wp:attachment":[{"href":"https:\/\/www.ayuntamientodeharia.com\/haria\/wp-json\/wp\/v2\/media?parent=3203"}],"wp:term":[{"taxonomy":"category","embeddable":true,"href":"https:\/\/www.ayuntamientodeharia.com\/haria\/wp-json\/wp\/v2\/categories?post=3203"},{"taxonomy":"post_tag","embeddable":true,"href":"https:\/\/www.ayuntamientodeharia.com\/haria\/wp-json\/wp\/v2\/tags?post=3203"}],"curies":[{"name":"wp","href":"https:\/\/api.w.org\/{rel}","templated":true}]}}