{"id":31898,"date":"2024-10-18T16:11:29","date_gmt":"2024-10-18T15:11:29","guid":{"rendered":"https:\/\/www.ayuntamientodeharia.com\/haria\/?p=31898"},"modified":"2024-10-18T16:11:29","modified_gmt":"2024-10-18T15:11:29","slug":"haria-acoge-la-comision-insular-de-lanzarote-de-la-fecam-para-abordar-temas-clave-de-la-isla","status":"publish","type":"post","link":"https:\/\/www.ayuntamientodeharia.com\/haria\/haria-acoge-la-comision-insular-de-lanzarote-de-la-fecam-para-abordar-temas-clave-de-la-isla\/","title":{"rendered":"Har\u00eda acoge la Comisi\u00f3n Insular de Lanzarote de la FECAM para abordar temas clave de la isla"},"content":{"rendered":"<p>El Ayuntamiento de Har\u00eda acogi\u00f3 del 14 al 25 de octubre, la Comisi\u00f3n Insular de Lanzarote de la Federaci\u00f3n Canaria de Municipios (FECAM), una reuni\u00f3n en la que se trataron temas fundamentales para el futuro de la<br \/>\nisla. El encuentro tuvo lugar en el Sal\u00f3n de Plenos del Ayuntamiento de Har\u00eda y cont\u00f3 con la participaci\u00f3n de representantes municipales de toda Lanzarote. La Comisi\u00f3n estuvo representada por varias autoridades locales como el alcalde de T\u00edas, Jos\u00e9 Juan Cruz; el primer teniente de alcalde de Arrecife, Echedey Eugenio; la alcaldesa de Teguise, Olivia Duque; y el alcalde de Yaiza, \u00d3scar Noda.<br \/>\nEntre los puntos del orden del d\u00eda se abordaron asuntos importantes como la situaci\u00f3n del procedimiento para la declaraci\u00f3n de zonas de mercado residencial tensionado, el anteproyecto de Ley de Uso Tur\u00edstico de Viviendas, el decreto sobre la regulaci\u00f3n de playas, el ciclo integral del agua, y la movilidad y transporte en la isla. Tambi\u00e9n se discuti\u00f3 la protecci\u00f3n de la abeja aut\u00f3ctona, una especie clave para el ecosistema de Lanzarote. Esta reuni\u00f3n reafirma el compromiso de todos los municipios de Lanzarote con el desarrollo y el bienestar de sus ciudadanos, en un momento clave para la isla.<\/p>\n","protected":false},"excerpt":{"rendered":"<p>El Ayuntamiento de Har\u00eda acogi\u00f3 del 14 al 25 de octubre, la Comisi\u00f3n Insular de Lanzarote de la Federaci\u00f3n Canaria de Municipios (FECAM), una reuni\u00f3n en la que se trataron temas fundamentales para el futuro de la isla. El encuentro tuvo lugar en el Sal\u00f3n de Plenos del Ayuntamiento de Har\u00eda y cont\u00f3 con la [&hellip;]<\/p>\n","protected":false},"author":13,"featured_media":31899,"comment_status":"closed","ping_status":"closed","sticky":false,"template":"","format":"standard","meta":{"footnotes":""},"categories":[425],"tags":[],"class_list":["post-31898","post","type-post","status-publish","format-standard","has-post-thumbnail","hentry","category-destacado"],"_links":{"self":[{"href":"https:\/\/www.ayuntamientodeharia.com\/haria\/wp-json\/wp\/v2\/posts\/31898","targetHints":{"allow":["GET"]}}],"collection":[{"href":"https:\/\/www.ayuntamientodeharia.com\/haria\/wp-json\/wp\/v2\/posts"}],"about":[{"href":"https:\/\/www.ayuntamientodeharia.com\/haria\/wp-json\/wp\/v2\/types\/post"}],"author":[{"embeddable":true,"href":"https:\/\/www.ayuntamientodeharia.com\/haria\/wp-json\/wp\/v2\/users\/13"}],"replies":[{"embeddable":true,"href":"https:\/\/www.ayuntamientodeharia.com\/haria\/wp-json\/wp\/v2\/comments?post=31898"}],"version-history":[{"count":1,"href":"https:\/\/www.ayuntamientodeharia.com\/haria\/wp-json\/wp\/v2\/posts\/31898\/revisions"}],"predecessor-version":[{"id":31900,"href":"https:\/\/www.ayuntamientodeharia.com\/haria\/wp-json\/wp\/v2\/posts\/31898\/revisions\/31900"}],"wp:featuredmedia":[{"embeddable":true,"href":"https:\/\/www.ayuntamientodeharia.com\/haria\/wp-json\/wp\/v2\/media\/31899"}],"wp:attachment":[{"href":"https:\/\/www.ayuntamientodeharia.com\/haria\/wp-json\/wp\/v2\/media?parent=31898"}],"wp:term":[{"taxonomy":"category","embeddable":true,"href":"https:\/\/www.ayuntamientodeharia.com\/haria\/wp-json\/wp\/v2\/categories?post=31898"},{"taxonomy":"post_tag","embeddable":true,"href":"https:\/\/www.ayuntamientodeharia.com\/haria\/wp-json\/wp\/v2\/tags?post=31898"}],"curies":[{"name":"wp","href":"https:\/\/api.w.org\/{rel}","templated":true}]}}