{"id":31892,"date":"2024-10-18T16:03:49","date_gmt":"2024-10-18T15:03:49","guid":{"rendered":"https:\/\/www.ayuntamientodeharia.com\/haria\/?p=31892"},"modified":"2024-10-18T16:03:49","modified_gmt":"2024-10-18T15:03:49","slug":"el-xxiii-torneo-de-bola-canaria-de-madera-abuelos-conejeros","status":"publish","type":"post","link":"https:\/\/www.ayuntamientodeharia.com\/haria\/el-xxiii-torneo-de-bola-canaria-de-madera-abuelos-conejeros\/","title":{"rendered":"El XXIII Torneo de Bola Canaria de Madera \u2018Abuelos Conejeros\u2019"},"content":{"rendered":"<p>Las personas mayores de 60 a\u00f1os, que deseen participar en el XXIII Torneo de Bola Canaria de Madera Abuelos Conejeros, podr\u00e1n inscribirse a partir del lunes, 14 de octubre. Las inscripciones se realizar\u00e1n en el \u00c1rea de Mayores del Ayuntamiento de Har\u00eda, de lunes a viernes, en horario de 09:00 horas a 14:00 horas . Este torneo se llevar\u00e1 a cabo desde noviembre de 2024 hasta mayo de 2025 en las Canchas Municipales de Costa Teguise.<\/p>\n","protected":false},"excerpt":{"rendered":"<p>Las personas mayores de 60 a\u00f1os, que deseen participar en el XXIII Torneo de Bola Canaria de Madera Abuelos Conejeros, podr\u00e1n inscribirse a partir del lunes, 14 de octubre. Las inscripciones se realizar\u00e1n en el \u00c1rea de Mayores del Ayuntamiento de Har\u00eda, de lunes a viernes, en horario de 09:00 horas a 14:00 horas . [&hellip;]<\/p>\n","protected":false},"author":13,"featured_media":31838,"comment_status":"closed","ping_status":"closed","sticky":false,"template":"","format":"standard","meta":{"footnotes":""},"categories":[17,425],"tags":[],"class_list":["post-31892","post","type-post","status-publish","format-standard","has-post-thumbnail","hentry","category-deportes","category-destacado"],"_links":{"self":[{"href":"https:\/\/www.ayuntamientodeharia.com\/haria\/wp-json\/wp\/v2\/posts\/31892","targetHints":{"allow":["GET"]}}],"collection":[{"href":"https:\/\/www.ayuntamientodeharia.com\/haria\/wp-json\/wp\/v2\/posts"}],"about":[{"href":"https:\/\/www.ayuntamientodeharia.com\/haria\/wp-json\/wp\/v2\/types\/post"}],"author":[{"embeddable":true,"href":"https:\/\/www.ayuntamientodeharia.com\/haria\/wp-json\/wp\/v2\/users\/13"}],"replies":[{"embeddable":true,"href":"https:\/\/www.ayuntamientodeharia.com\/haria\/wp-json\/wp\/v2\/comments?post=31892"}],"version-history":[{"count":1,"href":"https:\/\/www.ayuntamientodeharia.com\/haria\/wp-json\/wp\/v2\/posts\/31892\/revisions"}],"predecessor-version":[{"id":31893,"href":"https:\/\/www.ayuntamientodeharia.com\/haria\/wp-json\/wp\/v2\/posts\/31892\/revisions\/31893"}],"wp:featuredmedia":[{"embeddable":true,"href":"https:\/\/www.ayuntamientodeharia.com\/haria\/wp-json\/wp\/v2\/media\/31838"}],"wp:attachment":[{"href":"https:\/\/www.ayuntamientodeharia.com\/haria\/wp-json\/wp\/v2\/media?parent=31892"}],"wp:term":[{"taxonomy":"category","embeddable":true,"href":"https:\/\/www.ayuntamientodeharia.com\/haria\/wp-json\/wp\/v2\/categories?post=31892"},{"taxonomy":"post_tag","embeddable":true,"href":"https:\/\/www.ayuntamientodeharia.com\/haria\/wp-json\/wp\/v2\/tags?post=31892"}],"curies":[{"name":"wp","href":"https:\/\/api.w.org\/{rel}","templated":true}]}}