{"id":31882,"date":"2024-10-18T15:42:07","date_gmt":"2024-10-18T14:42:07","guid":{"rendered":"https:\/\/www.ayuntamientodeharia.com\/haria\/?p=31882"},"modified":"2024-10-18T15:42:07","modified_gmt":"2024-10-18T14:42:07","slug":"taller-de-rosetas-tintadas-con-carmin-de-cochinilla","status":"publish","type":"post","link":"https:\/\/www.ayuntamientodeharia.com\/haria\/taller-de-rosetas-tintadas-con-carmin-de-cochinilla\/","title":{"rendered":"Taller de rosetas tintadas con carm\u00edn de cochinilla"},"content":{"rendered":"<p>A partir de noviembre, la Asociaci\u00f3n Cultural, Social, Patrimonial y Agr\u00edcola Milana ofrecer\u00e1 un taller de rosetas tintadas con cochinilla,<br \/>\nuna t\u00e9cnica tradicional que sigue viva en nuestro municipio. Este curso ser\u00e1 impartido por la reconocida rosetera Mar\u00eda \u00c1ngeles Clavijo Clavijo, y tendr\u00e1 lugar los mi\u00e9rcoles y viernes, de 11:00 a 13:00 horas.<\/p>\n<p>El taller tiene plazas limitadas, por lo que se recomienda a las personas interesadas inscribirse lo antes posible. Para m\u00e1s informaci\u00f3n o para realizar la inscripci\u00f3n, pueden llamar al tel\u00e9fono 928 52 93 28 o enviar un correo electr\u00f3nico a asocmilana@gmail.com.<\/p>\n","protected":false},"excerpt":{"rendered":"<p>A partir de noviembre, la Asociaci\u00f3n Cultural, Social, Patrimonial y Agr\u00edcola Milana ofrecer\u00e1 un taller de rosetas tintadas con cochinilla, una t\u00e9cnica tradicional que sigue viva en nuestro municipio. Este curso ser\u00e1 impartido por la reconocida rosetera Mar\u00eda \u00c1ngeles Clavijo Clavijo, y tendr\u00e1 lugar los mi\u00e9rcoles y viernes, de 11:00 a 13:00 horas. El taller [&hellip;]<\/p>\n","protected":false},"author":13,"featured_media":0,"comment_status":"closed","ping_status":"closed","sticky":false,"template":"","format":"standard","meta":{"footnotes":""},"categories":[16],"tags":[],"class_list":["post-31882","post","type-post","status-publish","format-standard","hentry","category-cultura"],"_links":{"self":[{"href":"https:\/\/www.ayuntamientodeharia.com\/haria\/wp-json\/wp\/v2\/posts\/31882","targetHints":{"allow":["GET"]}}],"collection":[{"href":"https:\/\/www.ayuntamientodeharia.com\/haria\/wp-json\/wp\/v2\/posts"}],"about":[{"href":"https:\/\/www.ayuntamientodeharia.com\/haria\/wp-json\/wp\/v2\/types\/post"}],"author":[{"embeddable":true,"href":"https:\/\/www.ayuntamientodeharia.com\/haria\/wp-json\/wp\/v2\/users\/13"}],"replies":[{"embeddable":true,"href":"https:\/\/www.ayuntamientodeharia.com\/haria\/wp-json\/wp\/v2\/comments?post=31882"}],"version-history":[{"count":1,"href":"https:\/\/www.ayuntamientodeharia.com\/haria\/wp-json\/wp\/v2\/posts\/31882\/revisions"}],"predecessor-version":[{"id":31883,"href":"https:\/\/www.ayuntamientodeharia.com\/haria\/wp-json\/wp\/v2\/posts\/31882\/revisions\/31883"}],"wp:attachment":[{"href":"https:\/\/www.ayuntamientodeharia.com\/haria\/wp-json\/wp\/v2\/media?parent=31882"}],"wp:term":[{"taxonomy":"category","embeddable":true,"href":"https:\/\/www.ayuntamientodeharia.com\/haria\/wp-json\/wp\/v2\/categories?post=31882"},{"taxonomy":"post_tag","embeddable":true,"href":"https:\/\/www.ayuntamientodeharia.com\/haria\/wp-json\/wp\/v2\/tags?post=31882"}],"curies":[{"name":"wp","href":"https:\/\/api.w.org\/{rel}","templated":true}]}}